{"id":6072,"date":"2023-10-26T12:22:31","date_gmt":"2023-10-26T10:22:31","guid":{"rendered":"https:\/\/www.mijnvergelijker.be\/wordpress\/?p=6072"},"modified":"2025-06-30T14:44:26","modified_gmt":"2025-06-30T12:44:26","slug":"avez-vous-votre-propre-garage-ou-abri-de-voiture-voici-le-montant-de-la-prime-dassurance-que-vous-paierez-en-moins","status":"publish","type":"post","link":"https:\/\/www.comparateur.be\/assurances\/blog\/assurance-auto\/avez-vous-votre-propre-garage-ou-abri-de-voiture-voici-le-montant-de-la-prime-dassurance-que-vous-paierez-en-moins","title":{"rendered":"Avez-vous votre propre garage ou abri de voiture ? Voici l\u2019impact sur votre prime d\u2019assurance auto"},"content":{"rendered":"<p>Pour certains assureurs, vous devez pr\u00e9ciser si vous disposez ou non d\u2019un garage dans votre habitation. Pourquoi en est-il ainsi ? Le fait de devoir se garer dans la rue entra\u00eene-t-il une augmentation de la prime ?<\/p>\n<h2>Une prime moins \u00e9lev\u00e9e si vous avez un garage<\/h2>\n<p>Allons droit au but : le fait de pouvoir garer votre voiture dans un garage ou sous un abri de voiture a en effet une incidence sur votre prime d\u2019assurance. Du moins, si vous avez souscrit une assurance <a href=\"https:\/\/www.comparateur.be\/assurance-auto\/garantie\/full-omnium\">full omnium<\/a> ou <a href=\"https:\/\/www.comparateur.be\/assurance-auto\/garantie\/mini-omnium\">mini omnium<\/a>, qui couvre \u00e9galement (en partie) vos propres dommages.<\/p>\n<p>Si vous disposez d\u2019un garage ou d\u2019un abri pour votre voiture, certains assureurs vous accorderont jusqu\u2019\u00e0 15 % de r\u00e9duction sur les garanties <a href=\"https:\/\/www.comparateur.be\/assurance-auto\/vol-de-voiture\/assurance-auto-vol\">vol<\/a>, <a href=\"https:\/\/www.comparateur.be\/assurance-habitation\/garantie\/catastrophes-naturelles\">forces de la nature<\/a> et animaux, et <a href=\"https:\/\/www.comparateur.be\/assurance-habitation\/dommages\/bris-de-vitre\">bris de vitre<\/a>. Pour l\u2019assurance <a href=\"https:\/\/www.comparateur.be\/assurance-auto\/garantie\/responsabilite-civile\">responsabilit\u00e9 civile (RC)<\/a>, il n\u2019y a pas de cons\u00e9quences, puisque vos propres dommages ne sont de toute fa\u00e7on pas indemnis\u00e9s si vous \u00eates en tort.<\/p>\n<h2>Impact de votre lieu de r\u00e9sidence sur votre prime<\/h2>\n<p>La commune ou la ville o\u00f9 vous habitez est encore plus importante pour le calcul de votre <a href=\"https:\/\/www.comparateur.be\/assurance-auto\/prix-assurance-auto\/augmentation-de-la-prime\">prime<\/a> d\u2019assurance auto. Les personnes qui habitent dans une ville sont assur\u00e9es de payer plus cher car le risque d\u2019accident et de vandalisme y est plus \u00e9lev\u00e9.<\/p>\n<p>En effet, l\u2019endroit pr\u00e9cis o\u00f9 vous habitez dans notre pays joue un r\u00f4le crucial. \u00c0 Bruxelles, par exemple, vous paierez une prime d\u2019assurance plus \u00e9lev\u00e9e qu\u2019\u00e0 Geel, car le taux de criminalit\u00e9, et donc le risque de vol de voiture, varie consid\u00e9rablement d\u2019une r\u00e9gion \u00e0 l\u2019autre.<\/p>\n<p>Les communes frontali\u00e8res, Bruxelles, Li\u00e8ge et les zones environnantes pr\u00e9sentent un risque plus \u00e9lev\u00e9 de vol de voiture. Vous y paierez normalement une prime plus \u00e9lev\u00e9e.<\/p>\n<h2>Autres facteurs qui influencent la prime d\u2019assurance<\/h2>\n<p>Le montant de votre prime d\u2019assurance auto d\u00e9pend \u00e9galement, entre autres, de la <a href=\"https:\/\/www.comparateur.be\/assurance-auto\/valeur-voiture\/valeur-catalogue\">valeur catalogue<\/a> de votre voiture, de sa puissance (CV\/kW), du nombre d\u2019<a href=\"https:\/\/www.comparateur.be\/assurance-auto\/dommages\/bonus-malus\/attestation-de-sinistre\">ann\u00e9es sans sinistre<\/a> et du <a href=\"https:\/\/www.comparateur.be\/assurance-auto\/garantie\/assurance-au-kilometre\">nombre de kilom\u00e8tres<\/a> que vous parcourez. Plus la valeur catalogue est \u00e9lev\u00e9e, plus vous payez cher. Logique, car les frais de r\u00e9paration en cas de dommages seront plus \u00e9lev\u00e9s. Lorsque votre voiture est plus puissante, elle atteindra des vitesses plus \u00e9lev\u00e9es et le risque d\u2019accident augmente.\u00a0<\/p>\n<p>Enfin, l\u2019\u00e2ge joue un r\u00f4le important dans le calcul de votre prime. Un chauffeur plus \u00e2g\u00e9 a beaucoup plus d\u2019exp\u00e9rience de la conduite et sera plus apte \u00e0 \u00e9valuer les risques que quelqu\u2019un qui vient de d\u00e9crocher son permis de conduire. Un chauffeur exp\u00e9riment\u00e9 aura donc moins de chance de faire un accident.<\/p>\n<h2>Comparer des assurances de mani\u00e8re rapide et efficace ?<\/h2>\n<p>Sur Mijnvergelijker.be, comparez plusieurs assureurs et d\u00e9couvrez imm\u00e9diatement combien vous pouvez \u00e9conomiser sur votre assurance auto !<\/p>\n\n\r\n<div id=\"icon-card-one-block_6862869b276d4\">\r\n                        <div class=\"icon-card-one --light\">\r\n                                    <div class=\"icon-card-one_decorator\">\r\n                        <div class=\"icon-card-one_icon\">\r\n                            <img decoding=\"async\" src=\"https:\/\/www.comparateur.be\/wordpress\/wp-content\/themes\/io-ghent\/assets\/images\/icons\/car.svg\"\r\n                                 alt=\"car\">\r\n                        <\/div>\r\n                    <\/div>\r\n                \r\n                <div class=\"icon-card-one_content\">\r\n                                            <div class=\"icon-card-one_title\">Comparez les assurances auto<br \/>et \u00e9conomisez jusqu&rsquo;\u00e0 <span>35&nbsp;%<\/span><\/div>\r\n                    \r\n                                            <div class=\"icon-card-one_description\">\u00c0 la recherche d&#039;une assurance auto avantageuse ? Faites une simulation et souscrivez l&#039;assurance qui r\u00e9pond parfaitement \u00e0 vos besoins !<\/div>\r\n                    \r\n                    <div class=\"icon-card-one_button\">\r\n                        <a href=\"https:\/\/www.comparateur.be\/assurance-auto\"\r\n                           role=\"button\"\r\n                           class=\"button button--primary\">\r\n                            <span class=\"d-flex align-items-center\">\r\n                                Comparez les assurances auto                                <svg xmlns=\"http:\/\/www.w3.org\/2000\/svg\" width=\"22\" height=\"22\" viewBox=\"0 0 24 24\" fill=\"none\" class=\"arrow-right\"><path d=\"M5 12H19\" stroke-width=\"2\" stroke-linecap=\"round\" stroke-linejoin=\"round\"\/><path d=\"M12 5L19 12L12 19\" stroke-width=\"2\" stroke-linecap=\"round\" stroke-linejoin=\"round\"\/><\/svg>                            <\/span>\r\n                        <\/a>\r\n                    <\/div>\r\n                <\/div>\r\n            <\/div>\r\n            <\/div>","protected":false},"excerpt":{"rendered":"Pour certains assureurs, vous devez pr\u00e9ciser si vous disposez ou non d\u2019un garage dans votre habitation. Pourquoi en est-il ainsi&#8230;","protected":false},"author":8,"featured_media":5973,"comment_status":"closed","ping_status":"open","sticky":false,"template":"","format":"standard","meta":{"footnotes":""},"categories":[52],"tags":[],"class_list":["post-6072","post","type-post","status-publish","format-standard","has-post-thumbnail","hentry","category-assurance-auto"],"acf":[],"yoast_head":"<!-- This site is optimized with the Yoast SEO Premium plugin v23.4 (Yoast SEO v23.4) - https:\/\/yoast.com\/wordpress\/plugins\/seo\/ -->\n<title>Avez-vous votre propre garage ou abri de voiture ? Voici l\u2019impact sur votre prime d\u2019assurance auto<\/title>\n<meta name=\"description\" content=\"Pour certains assureurs, vous devez pr\u00e9ciser si vous disposez ou non d\u2019un garage dans votre habitation. Pourquoi en est-il ainsi ? Le fait de devoir se garer dans la rue entra\u00eene-t-il une augmentation de la prime ?\" \/>\n<meta name=\"robots\" content=\"index, follow, max-snippet:-1, max-image-preview:large, max-video-preview:-1\" \/>\n<link rel=\"canonical\" href=\"https:\/\/www.comparateur.be\/assurances\/blog\/assurance-auto\/avez-vous-votre-propre-garage-ou-abri-de-voiture-voici-le-montant-de-la-prime-dassurance-que-vous-paierez-en-moins\" \/>\n<meta property=\"og:locale\" content=\"fr_FR\" \/>\n<meta property=\"og:type\" content=\"article\" \/>\n<meta property=\"og:title\" content=\"Avez-vous votre propre garage ou abri de voiture ? Voici l\u2019impact sur votre prime d\u2019assurance auto\" \/>\n<meta property=\"og:description\" content=\"Pour certains assureurs, vous devez pr\u00e9ciser si vous disposez ou non d\u2019un garage dans votre habitation. Pourquoi en est-il ainsi ? Le fait de devoir se garer dans la rue entra\u00eene-t-il une augmentation de la prime ?\" \/>\n<meta property=\"og:url\" content=\"https:\/\/www.comparateur.be\/assurances\/blog\/assurance-auto\/avez-vous-votre-propre-garage-ou-abri-de-voiture-voici-le-montant-de-la-prime-dassurance-que-vous-paierez-en-moins\" \/>\n<meta property=\"og:site_name\" content=\"Comparateur.be\" \/>\n<meta property=\"article:publisher\" content=\"https:\/\/www.facebook.com\/Mijnvergelijker\/\" \/>\n<meta property=\"article:published_time\" content=\"2023-10-26T10:22:31+00:00\" \/>\n<meta property=\"article:modified_time\" content=\"2025-06-30T12:44:26+00:00\" \/>\n<meta property=\"og:image\" content=\"https:\/\/www.mijnvergelijker.be\/wordpress\/wp-content\/uploads\/2023\/10\/26.10.2023-Vader-en-kind-zitten-in-op-de-rand-van-de-koffer-op-de-oprit.jpg\" \/>\n\t<meta property=\"og:image:width\" content=\"2121\" \/>\n\t<meta property=\"og:image:height\" content=\"1414\" \/>\n\t<meta property=\"og:image:type\" content=\"image\/jpeg\" \/>\n<meta name=\"author\" content=\"Hanna Deweirdt\" \/>\n<meta name=\"twitter:card\" content=\"summary_large_image\" \/>\n<meta name=\"twitter:label1\" content=\"\u00c9crit par\" \/>\n\t<meta name=\"twitter:data1\" content=\"Hanna Deweirdt\" \/>\n\t<meta name=\"twitter:label2\" content=\"Dur\u00e9e de lecture est.\" \/>\n\t<meta name=\"twitter:data2\" content=\"3 minutes\" \/>\n<script type=\"application\/ld+json\" class=\"yoast-schema-graph\">{\"@context\":\"https:\/\/schema.org\",\"@graph\":[{\"@type\":\"Article\",\"@id\":\"https:\/\/www.comparateur.be\/assurances\/blog\/assurance-auto\/avez-vous-votre-propre-garage-ou-abri-de-voiture-voici-le-montant-de-la-prime-dassurance-que-vous-paierez-en-moins#article\",\"isPartOf\":{\"@id\":\"https:\/\/www.comparateur.be\/assurances\/blog\/assurance-auto\/avez-vous-votre-propre-garage-ou-abri-de-voiture-voici-le-montant-de-la-prime-dassurance-que-vous-paierez-en-moins\"},\"author\":{\"name\":\"Hanna Deweirdt\",\"@id\":\"https:\/\/www.comparateur.be\/#\/schema\/person\/4748d4871bb32b57622db0bfe37abf1b\"},\"headline\":\"Avez-vous votre propre garage ou abri de voiture ? Voici l\u2019impact sur votre prime d\u2019assurance auto\",\"datePublished\":\"2023-10-26T10:22:31+00:00\",\"dateModified\":\"2025-06-30T12:44:26+00:00\",\"mainEntityOfPage\":{\"@id\":\"https:\/\/www.comparateur.be\/assurances\/blog\/assurance-auto\/avez-vous-votre-propre-garage-ou-abri-de-voiture-voici-le-montant-de-la-prime-dassurance-que-vous-paierez-en-moins\"},\"wordCount\":504,\"publisher\":{\"@id\":\"https:\/\/www.comparateur.be\/#organization\"},\"image\":{\"@id\":\"https:\/\/www.comparateur.be\/assurances\/blog\/assurance-auto\/avez-vous-votre-propre-garage-ou-abri-de-voiture-voici-le-montant-de-la-prime-dassurance-que-vous-paierez-en-moins#primaryimage\"},\"thumbnailUrl\":\"https:\/\/www.comparateur.be\/wordpress\/wp-content\/uploads\/2023\/10\/26.10.2023-Vader-en-kind-zitten-in-op-de-rand-van-de-koffer-op-de-oprit.jpg\",\"articleSection\":[\"Assurance Auto\"],\"inLanguage\":\"fr-BE\"},{\"@type\":\"WebPage\",\"@id\":\"https:\/\/www.comparateur.be\/assurances\/blog\/assurance-auto\/avez-vous-votre-propre-garage-ou-abri-de-voiture-voici-le-montant-de-la-prime-dassurance-que-vous-paierez-en-moins\",\"url\":\"https:\/\/www.comparateur.be\/assurances\/blog\/assurance-auto\/avez-vous-votre-propre-garage-ou-abri-de-voiture-voici-le-montant-de-la-prime-dassurance-que-vous-paierez-en-moins\",\"name\":\"Avez-vous votre propre garage ou abri de voiture ? Voici l\u2019impact sur votre prime d\u2019assurance auto\",\"isPartOf\":{\"@id\":\"https:\/\/www.comparateur.be\/#website\"},\"primaryImageOfPage\":{\"@id\":\"https:\/\/www.comparateur.be\/assurances\/blog\/assurance-auto\/avez-vous-votre-propre-garage-ou-abri-de-voiture-voici-le-montant-de-la-prime-dassurance-que-vous-paierez-en-moins#primaryimage\"},\"image\":{\"@id\":\"https:\/\/www.comparateur.be\/assurances\/blog\/assurance-auto\/avez-vous-votre-propre-garage-ou-abri-de-voiture-voici-le-montant-de-la-prime-dassurance-que-vous-paierez-en-moins#primaryimage\"},\"thumbnailUrl\":\"https:\/\/www.comparateur.be\/wordpress\/wp-content\/uploads\/2023\/10\/26.10.2023-Vader-en-kind-zitten-in-op-de-rand-van-de-koffer-op-de-oprit.jpg\",\"datePublished\":\"2023-10-26T10:22:31+00:00\",\"dateModified\":\"2025-06-30T12:44:26+00:00\",\"description\":\"Pour certains assureurs, vous devez pr\u00e9ciser si vous disposez ou non d\u2019un garage dans votre habitation. Pourquoi en est-il ainsi ? Le fait de devoir se garer dans la rue entra\u00eene-t-il une augmentation de la prime ?\",\"breadcrumb\":{\"@id\":\"https:\/\/www.comparateur.be\/assurances\/blog\/assurance-auto\/avez-vous-votre-propre-garage-ou-abri-de-voiture-voici-le-montant-de-la-prime-dassurance-que-vous-paierez-en-moins#breadcrumb\"},\"inLanguage\":\"fr-BE\",\"potentialAction\":[{\"@type\":\"ReadAction\",\"target\":[\"https:\/\/www.comparateur.be\/assurances\/blog\/assurance-auto\/avez-vous-votre-propre-garage-ou-abri-de-voiture-voici-le-montant-de-la-prime-dassurance-que-vous-paierez-en-moins\"]}]},{\"@type\":\"ImageObject\",\"inLanguage\":\"fr-BE\",\"@id\":\"https:\/\/www.comparateur.be\/assurances\/blog\/assurance-auto\/avez-vous-votre-propre-garage-ou-abri-de-voiture-voici-le-montant-de-la-prime-dassurance-que-vous-paierez-en-moins#primaryimage\",\"url\":\"https:\/\/www.comparateur.be\/wordpress\/wp-content\/uploads\/2023\/10\/26.10.2023-Vader-en-kind-zitten-in-op-de-rand-van-de-koffer-op-de-oprit.jpg\",\"contentUrl\":\"https:\/\/www.comparateur.be\/wordpress\/wp-content\/uploads\/2023\/10\/26.10.2023-Vader-en-kind-zitten-in-op-de-rand-van-de-koffer-op-de-oprit.jpg\",\"width\":2121,\"height\":1414,\"caption\":\"Cheerful Black African American Father and Son playing sitting in car trunk before Road Trip on vacation\"},{\"@type\":\"BreadcrumbList\",\"@id\":\"https:\/\/www.comparateur.be\/assurances\/blog\/assurance-auto\/avez-vous-votre-propre-garage-ou-abri-de-voiture-voici-le-montant-de-la-prime-dassurance-que-vous-paierez-en-moins#breadcrumb\",\"itemListElement\":[{\"@type\":\"ListItem\",\"position\":1,\"name\":\"Home\",\"item\":\"https:\/\/www.comparateur.be\/\"},{\"@type\":\"ListItem\",\"position\":2,\"name\":\"Avez-vous votre propre garage ou abri de voiture ? Voici l\u2019impact sur votre prime d\u2019assurance auto\"}]},{\"@type\":\"WebSite\",\"@id\":\"https:\/\/www.comparateur.be\/#website\",\"url\":\"https:\/\/www.comparateur.be\/\",\"name\":\"MIjnvergelijker.be\",\"description\":\"\",\"publisher\":{\"@id\":\"https:\/\/www.comparateur.be\/#organization\"},\"potentialAction\":[{\"@type\":\"SearchAction\",\"target\":{\"@type\":\"EntryPoint\",\"urlTemplate\":\"https:\/\/www.comparateur.be\/?s={search_term_string}\"},\"query-input\":\"required name=search_term_string\"}],\"inLanguage\":\"fr-BE\"},{\"@type\":\"Organization\",\"@id\":\"https:\/\/www.comparateur.be\/#organization\",\"name\":\"Comparateur.be\",\"url\":\"https:\/\/www.comparateur.be\/\",\"logo\":{\"@type\":\"ImageObject\",\"inLanguage\":\"fr-BE\",\"@id\":\"https:\/\/www.comparateur.be\/#\/schema\/logo\/image\/\",\"url\":\"https:\/\/www.comparateur.be\/wordpress\/wp-content\/uploads\/2024\/09\/Algemeen_met-slogan_NL@.png\",\"contentUrl\":\"https:\/\/www.comparateur.be\/wordpress\/wp-content\/uploads\/2024\/09\/Algemeen_met-slogan_NL@.png\",\"width\":2444,\"height\":418,\"caption\":\"Comparateur.be\"},\"image\":{\"@id\":\"https:\/\/www.comparateur.be\/#\/schema\/logo\/image\/\"},\"sameAs\":[\"https:\/\/www.facebook.com\/Mijnvergelijker\/\"]},{\"@type\":\"Person\",\"@id\":\"https:\/\/www.comparateur.be\/#\/schema\/person\/4748d4871bb32b57622db0bfe37abf1b\",\"name\":\"Hanna Deweirdt\",\"image\":{\"@type\":\"ImageObject\",\"inLanguage\":\"fr-BE\",\"@id\":\"https:\/\/www.comparateur.be\/#\/schema\/person\/image\/\",\"url\":\"https:\/\/secure.gravatar.com\/avatar\/2d69cdb3ff68969f1c06f5ee6133ce3d?s=96&d=mm&r=g\",\"contentUrl\":\"https:\/\/secure.gravatar.com\/avatar\/2d69cdb3ff68969f1c06f5ee6133ce3d?s=96&d=mm&r=g\",\"caption\":\"Hanna Deweirdt\"}}]}<\/script>\n<!-- \/ Yoast SEO Premium plugin. -->","yoast_head_json":{"title":"Avez-vous votre propre garage ou abri de voiture ? Voici l\u2019impact sur votre prime d\u2019assurance auto","description":"Pour certains assureurs, vous devez pr\u00e9ciser si vous disposez ou non d\u2019un garage dans votre habitation. Pourquoi en est-il ainsi ? Le fait de devoir se garer dans la rue entra\u00eene-t-il une augmentation de la prime ?","robots":{"index":"index","follow":"follow","max-snippet":"max-snippet:-1","max-image-preview":"max-image-preview:large","max-video-preview":"max-video-preview:-1"},"canonical":"https:\/\/www.comparateur.be\/assurances\/blog\/assurance-auto\/avez-vous-votre-propre-garage-ou-abri-de-voiture-voici-le-montant-de-la-prime-dassurance-que-vous-paierez-en-moins","og_locale":"fr_FR","og_type":"article","og_title":"Avez-vous votre propre garage ou abri de voiture ? Voici l\u2019impact sur votre prime d\u2019assurance auto","og_description":"Pour certains assureurs, vous devez pr\u00e9ciser si vous disposez ou non d\u2019un garage dans votre habitation. Pourquoi en est-il ainsi ? Le fait de devoir se garer dans la rue entra\u00eene-t-il une augmentation de la prime ?","og_url":"https:\/\/www.comparateur.be\/assurances\/blog\/assurance-auto\/avez-vous-votre-propre-garage-ou-abri-de-voiture-voici-le-montant-de-la-prime-dassurance-que-vous-paierez-en-moins","og_site_name":"Comparateur.be","article_publisher":"https:\/\/www.facebook.com\/Mijnvergelijker\/","article_published_time":"2023-10-26T10:22:31+00:00","article_modified_time":"2025-06-30T12:44:26+00:00","og_image":[{"width":2121,"height":1414,"url":"https:\/\/www.mijnvergelijker.be\/wordpress\/wp-content\/uploads\/2023\/10\/26.10.2023-Vader-en-kind-zitten-in-op-de-rand-van-de-koffer-op-de-oprit.jpg","type":"image\/jpeg"}],"author":"Hanna Deweirdt","twitter_card":"summary_large_image","twitter_misc":{"\u00c9crit par":"Hanna Deweirdt","Dur\u00e9e de lecture est.":"3 minutes"},"schema":{"@context":"https:\/\/schema.org","@graph":[{"@type":"Article","@id":"https:\/\/www.comparateur.be\/assurances\/blog\/assurance-auto\/avez-vous-votre-propre-garage-ou-abri-de-voiture-voici-le-montant-de-la-prime-dassurance-que-vous-paierez-en-moins#article","isPartOf":{"@id":"https:\/\/www.comparateur.be\/assurances\/blog\/assurance-auto\/avez-vous-votre-propre-garage-ou-abri-de-voiture-voici-le-montant-de-la-prime-dassurance-que-vous-paierez-en-moins"},"author":{"name":"Hanna Deweirdt","@id":"https:\/\/www.comparateur.be\/#\/schema\/person\/4748d4871bb32b57622db0bfe37abf1b"},"headline":"Avez-vous votre propre garage ou abri de voiture ? Voici l\u2019impact sur votre prime d\u2019assurance auto","datePublished":"2023-10-26T10:22:31+00:00","dateModified":"2025-06-30T12:44:26+00:00","mainEntityOfPage":{"@id":"https:\/\/www.comparateur.be\/assurances\/blog\/assurance-auto\/avez-vous-votre-propre-garage-ou-abri-de-voiture-voici-le-montant-de-la-prime-dassurance-que-vous-paierez-en-moins"},"wordCount":504,"publisher":{"@id":"https:\/\/www.comparateur.be\/#organization"},"image":{"@id":"https:\/\/www.comparateur.be\/assurances\/blog\/assurance-auto\/avez-vous-votre-propre-garage-ou-abri-de-voiture-voici-le-montant-de-la-prime-dassurance-que-vous-paierez-en-moins#primaryimage"},"thumbnailUrl":"https:\/\/www.comparateur.be\/wordpress\/wp-content\/uploads\/2023\/10\/26.10.2023-Vader-en-kind-zitten-in-op-de-rand-van-de-koffer-op-de-oprit.jpg","articleSection":["Assurance Auto"],"inLanguage":"fr-BE"},{"@type":"WebPage","@id":"https:\/\/www.comparateur.be\/assurances\/blog\/assurance-auto\/avez-vous-votre-propre-garage-ou-abri-de-voiture-voici-le-montant-de-la-prime-dassurance-que-vous-paierez-en-moins","url":"https:\/\/www.comparateur.be\/assurances\/blog\/assurance-auto\/avez-vous-votre-propre-garage-ou-abri-de-voiture-voici-le-montant-de-la-prime-dassurance-que-vous-paierez-en-moins","name":"Avez-vous votre propre garage ou abri de voiture ? Voici l\u2019impact sur votre prime d\u2019assurance auto","isPartOf":{"@id":"https:\/\/www.comparateur.be\/#website"},"primaryImageOfPage":{"@id":"https:\/\/www.comparateur.be\/assurances\/blog\/assurance-auto\/avez-vous-votre-propre-garage-ou-abri-de-voiture-voici-le-montant-de-la-prime-dassurance-que-vous-paierez-en-moins#primaryimage"},"image":{"@id":"https:\/\/www.comparateur.be\/assurances\/blog\/assurance-auto\/avez-vous-votre-propre-garage-ou-abri-de-voiture-voici-le-montant-de-la-prime-dassurance-que-vous-paierez-en-moins#primaryimage"},"thumbnailUrl":"https:\/\/www.comparateur.be\/wordpress\/wp-content\/uploads\/2023\/10\/26.10.2023-Vader-en-kind-zitten-in-op-de-rand-van-de-koffer-op-de-oprit.jpg","datePublished":"2023-10-26T10:22:31+00:00","dateModified":"2025-06-30T12:44:26+00:00","description":"Pour certains assureurs, vous devez pr\u00e9ciser si vous disposez ou non d\u2019un garage dans votre habitation. Pourquoi en est-il ainsi ? Le fait de devoir se garer dans la rue entra\u00eene-t-il une augmentation de la prime ?","breadcrumb":{"@id":"https:\/\/www.comparateur.be\/assurances\/blog\/assurance-auto\/avez-vous-votre-propre-garage-ou-abri-de-voiture-voici-le-montant-de-la-prime-dassurance-que-vous-paierez-en-moins#breadcrumb"},"inLanguage":"fr-BE","potentialAction":[{"@type":"ReadAction","target":["https:\/\/www.comparateur.be\/assurances\/blog\/assurance-auto\/avez-vous-votre-propre-garage-ou-abri-de-voiture-voici-le-montant-de-la-prime-dassurance-que-vous-paierez-en-moins"]}]},{"@type":"ImageObject","inLanguage":"fr-BE","@id":"https:\/\/www.comparateur.be\/assurances\/blog\/assurance-auto\/avez-vous-votre-propre-garage-ou-abri-de-voiture-voici-le-montant-de-la-prime-dassurance-que-vous-paierez-en-moins#primaryimage","url":"https:\/\/www.comparateur.be\/wordpress\/wp-content\/uploads\/2023\/10\/26.10.2023-Vader-en-kind-zitten-in-op-de-rand-van-de-koffer-op-de-oprit.jpg","contentUrl":"https:\/\/www.comparateur.be\/wordpress\/wp-content\/uploads\/2023\/10\/26.10.2023-Vader-en-kind-zitten-in-op-de-rand-van-de-koffer-op-de-oprit.jpg","width":2121,"height":1414,"caption":"Cheerful Black African American Father and Son playing sitting in car trunk before Road Trip on vacation"},{"@type":"BreadcrumbList","@id":"https:\/\/www.comparateur.be\/assurances\/blog\/assurance-auto\/avez-vous-votre-propre-garage-ou-abri-de-voiture-voici-le-montant-de-la-prime-dassurance-que-vous-paierez-en-moins#breadcrumb","itemListElement":[{"@type":"ListItem","position":1,"name":"Home","item":"https:\/\/www.comparateur.be\/"},{"@type":"ListItem","position":2,"name":"Avez-vous votre propre garage ou abri de voiture ? Voici l\u2019impact sur votre prime d\u2019assurance auto"}]},{"@type":"WebSite","@id":"https:\/\/www.comparateur.be\/#website","url":"https:\/\/www.comparateur.be\/","name":"MIjnvergelijker.be","description":"","publisher":{"@id":"https:\/\/www.comparateur.be\/#organization"},"potentialAction":[{"@type":"SearchAction","target":{"@type":"EntryPoint","urlTemplate":"https:\/\/www.comparateur.be\/?s={search_term_string}"},"query-input":"required name=search_term_string"}],"inLanguage":"fr-BE"},{"@type":"Organization","@id":"https:\/\/www.comparateur.be\/#organization","name":"Comparateur.be","url":"https:\/\/www.comparateur.be\/","logo":{"@type":"ImageObject","inLanguage":"fr-BE","@id":"https:\/\/www.comparateur.be\/#\/schema\/logo\/image\/","url":"https:\/\/www.comparateur.be\/wordpress\/wp-content\/uploads\/2024\/09\/Algemeen_met-slogan_NL@.png","contentUrl":"https:\/\/www.comparateur.be\/wordpress\/wp-content\/uploads\/2024\/09\/Algemeen_met-slogan_NL@.png","width":2444,"height":418,"caption":"Comparateur.be"},"image":{"@id":"https:\/\/www.comparateur.be\/#\/schema\/logo\/image\/"},"sameAs":["https:\/\/www.facebook.com\/Mijnvergelijker\/"]},{"@type":"Person","@id":"https:\/\/www.comparateur.be\/#\/schema\/person\/4748d4871bb32b57622db0bfe37abf1b","name":"Hanna Deweirdt","image":{"@type":"ImageObject","inLanguage":"fr-BE","@id":"https:\/\/www.comparateur.be\/#\/schema\/person\/image\/","url":"https:\/\/secure.gravatar.com\/avatar\/2d69cdb3ff68969f1c06f5ee6133ce3d?s=96&d=mm&r=g","contentUrl":"https:\/\/secure.gravatar.com\/avatar\/2d69cdb3ff68969f1c06f5ee6133ce3d?s=96&d=mm&r=g","caption":"Hanna Deweirdt"}}]}},"_links":{"self":[{"href":"https:\/\/www.comparateur.be\/wordpress\/wp-json\/wp\/v2\/posts\/6072"}],"collection":[{"href":"https:\/\/www.comparateur.be\/wordpress\/wp-json\/wp\/v2\/posts"}],"about":[{"href":"https:\/\/www.comparateur.be\/wordpress\/wp-json\/wp\/v2\/types\/post"}],"author":[{"embeddable":true,"href":"https:\/\/www.comparateur.be\/wordpress\/wp-json\/wp\/v2\/users\/8"}],"replies":[{"embeddable":true,"href":"https:\/\/www.comparateur.be\/wordpress\/wp-json\/wp\/v2\/comments?post=6072"}],"version-history":[{"count":7,"href":"https:\/\/www.comparateur.be\/wordpress\/wp-json\/wp\/v2\/posts\/6072\/revisions"}],"predecessor-version":[{"id":13873,"href":"https:\/\/www.comparateur.be\/wordpress\/wp-json\/wp\/v2\/posts\/6072\/revisions\/13873"}],"wp:featuredmedia":[{"embeddable":true,"href":"https:\/\/www.comparateur.be\/wordpress\/wp-json\/wp\/v2\/media\/5973"}],"wp:attachment":[{"href":"https:\/\/www.comparateur.be\/wordpress\/wp-json\/wp\/v2\/media?parent=6072"}],"wp:term":[{"taxonomy":"category","embeddable":true,"href":"https:\/\/www.comparateur.be\/wordpress\/wp-json\/wp\/v2\/categories?post=6072"},{"taxonomy":"post_tag","embeddable":true,"href":"https:\/\/www.comparateur.be\/wordpress\/wp-json\/wp\/v2\/tags?post=6072"}],"curies":[{"name":"wp","href":"https:\/\/api.w.org\/{rel}","templated":true}]}}