{"id":4765,"date":"2023-07-06T10:59:00","date_gmt":"2023-07-06T08:59:00","guid":{"rendered":"https:\/\/www.mijnvergelijker.be\/wordpress\/?p=4765"},"modified":"2025-06-30T14:50:06","modified_gmt":"2025-06-30T12:50:06","slug":"velos-sur-lauto-sont-ils-assures","status":"publish","type":"post","link":"https:\/\/www.comparateur.be\/assurances\/blog\/assurance-auto\/velos-sur-lauto-sont-ils-assures","title":{"rendered":"Transporter des v\u00e9los avec un porte-v\u00e9los : l\u2019assurance intervient-elle en cas d\u2019accident ?"},"content":{"rendered":"<p><strong>Vous emmenez vos v\u00e9los en vacances ? Vous pouvez transporter vos v\u00e9los avec un porte-v\u00e9los fix\u00e9 sur l\u2019attache-remorque ou le toit de voiture. Mais l\u2019assurance indemnise-t-elle les dommages en cas d\u2019accident ? Quels dommages sont couverts si l\u2019un des v\u00e9los tombe du porte-v\u00e9los ? Mijnvergelijker.be s\u2019est pench\u00e9 sur ces questions.\u00a0<\/strong><\/p>\n<h2><strong>Porte-v\u00e9los<\/strong><\/h2>\n<p>Il existe diff\u00e9rents types de porte-v\u00e9los pour transporter vos v\u00e9los en voiture. Vous pouvez installer un porte-v\u00e9los sur le toit de votre voiture, sur le coffre ou le hayon. Vous pouvez aussi opter pour un syst\u00e8me \u00e0 fixer sur l\u2019attache-remorque.\u00a0<\/p>\n<h2><strong>Assurance full omnium<\/strong><\/h2>\n<p>Certains conducteurs pensent que l\u2019assurance full omnium couvre tous les <a href=\"https:\/\/www.comparateur.be\/assurance-habitation\/dommages\">dommages<\/a> en cas d\u2019accident, mais tel n\u2019est pas le cas. Ce n\u2019est que dans des circonstances sp\u00e9cifiques que les dommages au v\u00e9lo sont couverts. Lisez plus loin pour en savoir plus.\u00a0<\/p>\n<h2><strong>Un accident en droit<\/strong><\/h2>\n<p>Imaginez-vous que vous conduisez dans la rue et que vous devez freiner brusquement pour un cycliste qui passe. Le conducteur de l\u2019auto derri\u00e8re vous heurte votre voiture et le porte-v\u00e9los sur l\u2019attache-remorque et les deux v\u00e9los que vous transportez sont endommag\u00e9s.<\/p>\n<p><strong>Qui doit payer ?<\/strong><\/p>\n<p>En cas d\u2019un accident o\u00f9 la partie adverse est en tort, l\u2019assurance responsabilit\u00e9 civile de celle-ci indemnisera les dommages aux v\u00e9los, au porte-v\u00e9los fix\u00e9 sur l\u2019attache-remorque et \u00e0 la voiture.<\/p>\n<h2>Un accident en tort<\/h2>\n<p>Imaginez-vous qu\u2019en reculant, votre voiture heurte un poteau et que le syst\u00e8me sur l\u2019attache-remorque et les v\u00e9los que vous transportez sont endommag\u00e9s.<\/p>\n<p><strong>Qui doit payer ?<\/strong><\/p>\n<p>En cas d\u2019un accident en tort, \u00e7a d\u00e9pend de l\u2019assurance souscrite si, oui ou non, les dommages sont indemnis\u00e9s. <a href=\"https:\/\/www.comparateur.be\/assurance-auto\/garantie\/responsabilite-civile\">Une assurance RC<\/a> ou une mini-omnium ne couvre ni les dommages \u00e0 votre propre voiture, ni au porte-v\u00e9los, ni aux v\u00e9los.\u00a0<\/p>\n<h2><strong>Chute de v\u00e9lo depuis le porte-v\u00e9los<\/strong>\u00a0<\/h2>\n<p>Si vous causez des dommages \u00e0 votre porte-v\u00e9los, l\u2019assureur indemnise uniquement les dommages propres au cas o\u00f9 vous avez pris <a href=\"https:\/\/www.comparateur.be\/assurance-auto\/garantie\/full-omnium\">une assurance full omnium<\/a> et que vous avez demand\u00e9 \u00e0 votre assureur de reprendre le porte-v\u00e9los comme accessoire dans la police d\u2019assurance. Dans ce cas, la valeur assur\u00e9e de l\u2019assurance omnium tient compte du porte-v\u00e9los et les dommages propres sont indemnis\u00e9s. Si un v\u00e9lo tombe du porte-v\u00e9los, la r\u00e9paration sera enti\u00e8rement \u00e0 votre charge, sauf si vous avez souscrit une assurance v\u00e9lo. Les v\u00e9los m\u00eames ne font pas partie de l\u2019assurance omnium.<\/p>\n<h2><strong>R\u00e9glementation pour le transport de v\u00e9los en voiture<\/strong><\/h2>\n<p>Pour transporter vos v\u00e9los en toute s\u00e9curit\u00e9, veillez \u00e0 les fixer correctement sur le porte-v\u00e9los. Ce n\u2019est qu\u2019en ce faisant, que l\u2019assureur de la partie adverse (ou votre propre assureur) sera pr\u00eat \u00e0 vous indemniser.\u00a0<\/p>\n<p>Tenez compte du poids maximal du type de porte-v\u00e9los choisi. Un attache-remorque a une charge maximale : pour les petites voitures, elle est g\u00e9n\u00e9ralement de <strong>50 kilos<\/strong> et pour les grandes, elle s\u2019\u00e9l\u00e8ve \u00e0 <strong>75 kilos.<\/strong> Veillez donc \u00e0 ne pas transporter trop de v\u00e9los \u00e0 la fois ! Un v\u00e9lo p\u00e8se en moyenne entre 7 et 15 kilos, un v\u00e9lo \u00e9lectrique peut facilement atteindre 25 kilos. Si vous emmenez deux e-bikes, le poids maximal sera vite atteint.<\/p>\n<p>Comparer des assurances de mani\u00e8re rapide et efficace ?\u00a0Sur Mijnvergelijker.be vous comparez ais\u00e9ment diff\u00e9rents assureurs et vous d\u00e9couvrez aussit\u00f4t combien vous pouvez \u00e9conomiser !\u00a0<\/p>\n\n\r\n<div id=\"icon-card-one-block_686287ef99da2\">\r\n                        <div class=\"icon-card-one --light\">\r\n                                    <div class=\"icon-card-one_decorator\">\r\n                        <div class=\"icon-card-one_icon\">\r\n                            <img decoding=\"async\" src=\"https:\/\/www.comparateur.be\/wordpress\/wp-content\/themes\/io-ghent\/assets\/images\/icons\/car.svg\"\r\n                                 alt=\"car\">\r\n                        <\/div>\r\n                    <\/div>\r\n                \r\n                <div class=\"icon-card-one_content\">\r\n                                            <div class=\"icon-card-one_title\">Comparez les assurances auto<br \/>et \u00e9conomisez jusqu&rsquo;\u00e0 <span>35&nbsp;%<\/span><\/div>\r\n                    \r\n                                            <div class=\"icon-card-one_description\">\u00c0 la recherche d&#039;une assurance auto avantageuse ? Faites une simulation et souscrivez l&#039;assurance qui r\u00e9pond parfaitement \u00e0 vos besoins !<\/div>\r\n                    \r\n                    <div class=\"icon-card-one_button\">\r\n                        <a href=\"https:\/\/www.comparateur.be\/assurance-auto\"\r\n                           role=\"button\"\r\n                           class=\"button button--primary\">\r\n                            <span class=\"d-flex align-items-center\">\r\n                                Comparez les assurances auto                                <svg xmlns=\"http:\/\/www.w3.org\/2000\/svg\" width=\"22\" height=\"22\" viewBox=\"0 0 24 24\" fill=\"none\" class=\"arrow-right\"><path d=\"M5 12H19\" stroke-width=\"2\" stroke-linecap=\"round\" stroke-linejoin=\"round\"\/><path d=\"M12 5L19 12L12 19\" stroke-width=\"2\" stroke-linecap=\"round\" stroke-linejoin=\"round\"\/><\/svg>                            <\/span>\r\n                        <\/a>\r\n                    <\/div>\r\n                <\/div>\r\n            <\/div>\r\n            <\/div>","protected":false},"excerpt":{"rendered":"Vous emmenez vos v\u00e9los en vacances ? Vous pouvez transporter vos v\u00e9los avec un porte-v\u00e9los fix\u00e9 sur l\u2019attache-remorque ou le&#8230;","protected":false},"author":8,"featured_media":4929,"comment_status":"closed","ping_status":"open","sticky":false,"template":"","format":"standard","meta":{"footnotes":""},"categories":[52],"tags":[],"class_list":["post-4765","post","type-post","status-publish","format-standard","has-post-thumbnail","hentry","category-assurance-auto"],"acf":[],"yoast_head":"<!-- This site is optimized with the Yoast SEO Premium plugin v23.4 (Yoast SEO v23.4) - https:\/\/yoast.com\/wordpress\/plugins\/seo\/ -->\n<title>Transporter des v\u00e9los avec un porte-v\u00e9los : quelle assurance prendre ?<\/title>\n<meta name=\"description\" content=\"Vous emmenez vos v\u00e9los en vacances ? Votre assurance intervient-elle en cas d\u2019accident ?\" \/>\n<meta name=\"robots\" content=\"index, follow, max-snippet:-1, max-image-preview:large, max-video-preview:-1\" \/>\n<link rel=\"canonical\" href=\"https:\/\/www.comparateur.be\/assurances\/blog\/assurance-auto\/velos-sur-lauto-sont-ils-assures\" \/>\n<meta property=\"og:locale\" content=\"fr_FR\" \/>\n<meta property=\"og:type\" content=\"article\" \/>\n<meta property=\"og:title\" content=\"Transporter des v\u00e9los avec un porte-v\u00e9los : l\u2019assurance intervient-elle en cas d\u2019accident ?\" \/>\n<meta property=\"og:description\" content=\"Vous emmenez vos v\u00e9los en vacances ? Votre assurance intervient-elle en cas d\u2019accident ?\" \/>\n<meta property=\"og:url\" content=\"https:\/\/www.comparateur.be\/assurances\/blog\/assurance-auto\/velos-sur-lauto-sont-ils-assures\" \/>\n<meta property=\"og:site_name\" content=\"Comparateur.be\" \/>\n<meta property=\"article:publisher\" content=\"https:\/\/www.facebook.com\/Mijnvergelijker\/\" \/>\n<meta property=\"article:published_time\" content=\"2023-07-06T08:59:00+00:00\" \/>\n<meta property=\"article:modified_time\" content=\"2025-06-30T12:50:06+00:00\" \/>\n<meta property=\"og:image\" content=\"https:\/\/www.comparateur.be\/wordpress\/wp-content\/uploads\/2023\/07\/01.08.2023-Man-kijkt-naar-hoe-fietsendrager-van-zijn-auto-is-gevallen.jpg\" \/>\n\t<meta property=\"og:image:width\" content=\"2121\" \/>\n\t<meta property=\"og:image:height\" content=\"1414\" \/>\n\t<meta property=\"og:image:type\" content=\"image\/jpeg\" \/>\n<meta name=\"author\" content=\"Hanna Deweirdt\" \/>\n<meta name=\"twitter:card\" content=\"summary_large_image\" \/>\n<meta name=\"twitter:label1\" content=\"\u00c9crit par\" \/>\n\t<meta name=\"twitter:data1\" content=\"Hanna Deweirdt\" \/>\n\t<meta name=\"twitter:label2\" content=\"Dur\u00e9e de lecture est.\" \/>\n\t<meta name=\"twitter:data2\" content=\"3 minutes\" \/>\n<script type=\"application\/ld+json\" class=\"yoast-schema-graph\">{\"@context\":\"https:\/\/schema.org\",\"@graph\":[{\"@type\":\"Article\",\"@id\":\"https:\/\/www.comparateur.be\/assurances\/blog\/assurance-auto\/velos-sur-lauto-sont-ils-assures#article\",\"isPartOf\":{\"@id\":\"https:\/\/www.comparateur.be\/assurances\/blog\/assurance-auto\/velos-sur-lauto-sont-ils-assures\"},\"author\":{\"name\":\"Hanna Deweirdt\",\"@id\":\"https:\/\/www.comparateur.be\/#\/schema\/person\/4748d4871bb32b57622db0bfe37abf1b\"},\"headline\":\"Transporter des v\u00e9los avec un porte-v\u00e9los : l\u2019assurance intervient-elle en cas d\u2019accident ?\",\"datePublished\":\"2023-07-06T08:59:00+00:00\",\"dateModified\":\"2025-06-30T12:50:06+00:00\",\"mainEntityOfPage\":{\"@id\":\"https:\/\/www.comparateur.be\/assurances\/blog\/assurance-auto\/velos-sur-lauto-sont-ils-assures\"},\"wordCount\":606,\"publisher\":{\"@id\":\"https:\/\/www.comparateur.be\/#organization\"},\"image\":{\"@id\":\"https:\/\/www.comparateur.be\/assurances\/blog\/assurance-auto\/velos-sur-lauto-sont-ils-assures#primaryimage\"},\"thumbnailUrl\":\"https:\/\/www.comparateur.be\/wordpress\/wp-content\/uploads\/2023\/07\/01.08.2023-Man-kijkt-naar-hoe-fietsendrager-van-zijn-auto-is-gevallen.jpg\",\"articleSection\":[\"Assurance Auto\"],\"inLanguage\":\"fr-BE\"},{\"@type\":\"WebPage\",\"@id\":\"https:\/\/www.comparateur.be\/assurances\/blog\/assurance-auto\/velos-sur-lauto-sont-ils-assures\",\"url\":\"https:\/\/www.comparateur.be\/assurances\/blog\/assurance-auto\/velos-sur-lauto-sont-ils-assures\",\"name\":\"Transporter des v\u00e9los avec un porte-v\u00e9los : quelle assurance prendre ?\",\"isPartOf\":{\"@id\":\"https:\/\/www.comparateur.be\/#website\"},\"primaryImageOfPage\":{\"@id\":\"https:\/\/www.comparateur.be\/assurances\/blog\/assurance-auto\/velos-sur-lauto-sont-ils-assures#primaryimage\"},\"image\":{\"@id\":\"https:\/\/www.comparateur.be\/assurances\/blog\/assurance-auto\/velos-sur-lauto-sont-ils-assures#primaryimage\"},\"thumbnailUrl\":\"https:\/\/www.comparateur.be\/wordpress\/wp-content\/uploads\/2023\/07\/01.08.2023-Man-kijkt-naar-hoe-fietsendrager-van-zijn-auto-is-gevallen.jpg\",\"datePublished\":\"2023-07-06T08:59:00+00:00\",\"dateModified\":\"2025-06-30T12:50:06+00:00\",\"description\":\"Vous emmenez vos v\u00e9los en vacances ? Votre assurance intervient-elle en cas d\u2019accident ?\",\"breadcrumb\":{\"@id\":\"https:\/\/www.comparateur.be\/assurances\/blog\/assurance-auto\/velos-sur-lauto-sont-ils-assures#breadcrumb\"},\"inLanguage\":\"fr-BE\",\"potentialAction\":[{\"@type\":\"ReadAction\",\"target\":[\"https:\/\/www.comparateur.be\/assurances\/blog\/assurance-auto\/velos-sur-lauto-sont-ils-assures\"]}]},{\"@type\":\"ImageObject\",\"inLanguage\":\"fr-BE\",\"@id\":\"https:\/\/www.comparateur.be\/assurances\/blog\/assurance-auto\/velos-sur-lauto-sont-ils-assures#primaryimage\",\"url\":\"https:\/\/www.comparateur.be\/wordpress\/wp-content\/uploads\/2023\/07\/01.08.2023-Man-kijkt-naar-hoe-fietsendrager-van-zijn-auto-is-gevallen.jpg\",\"contentUrl\":\"https:\/\/www.comparateur.be\/wordpress\/wp-content\/uploads\/2023\/07\/01.08.2023-Man-kijkt-naar-hoe-fietsendrager-van-zijn-auto-is-gevallen.jpg\",\"width\":2121,\"height\":1414,\"caption\":\"Cyclist preparing the gear for departure after training in winter.\"},{\"@type\":\"BreadcrumbList\",\"@id\":\"https:\/\/www.comparateur.be\/assurances\/blog\/assurance-auto\/velos-sur-lauto-sont-ils-assures#breadcrumb\",\"itemListElement\":[{\"@type\":\"ListItem\",\"position\":1,\"name\":\"Home\",\"item\":\"https:\/\/www.comparateur.be\/\"},{\"@type\":\"ListItem\",\"position\":2,\"name\":\"Transporter des v\u00e9los avec un porte-v\u00e9los : l\u2019assurance intervient-elle en cas d\u2019accident ?\"}]},{\"@type\":\"WebSite\",\"@id\":\"https:\/\/www.comparateur.be\/#website\",\"url\":\"https:\/\/www.comparateur.be\/\",\"name\":\"MIjnvergelijker.be\",\"description\":\"\",\"publisher\":{\"@id\":\"https:\/\/www.comparateur.be\/#organization\"},\"potentialAction\":[{\"@type\":\"SearchAction\",\"target\":{\"@type\":\"EntryPoint\",\"urlTemplate\":\"https:\/\/www.comparateur.be\/?s={search_term_string}\"},\"query-input\":\"required name=search_term_string\"}],\"inLanguage\":\"fr-BE\"},{\"@type\":\"Organization\",\"@id\":\"https:\/\/www.comparateur.be\/#organization\",\"name\":\"Comparateur.be\",\"url\":\"https:\/\/www.comparateur.be\/\",\"logo\":{\"@type\":\"ImageObject\",\"inLanguage\":\"fr-BE\",\"@id\":\"https:\/\/www.comparateur.be\/#\/schema\/logo\/image\/\",\"url\":\"https:\/\/www.comparateur.be\/wordpress\/wp-content\/uploads\/2024\/09\/Algemeen_met-slogan_NL@.png\",\"contentUrl\":\"https:\/\/www.comparateur.be\/wordpress\/wp-content\/uploads\/2024\/09\/Algemeen_met-slogan_NL@.png\",\"width\":2444,\"height\":418,\"caption\":\"Comparateur.be\"},\"image\":{\"@id\":\"https:\/\/www.comparateur.be\/#\/schema\/logo\/image\/\"},\"sameAs\":[\"https:\/\/www.facebook.com\/Mijnvergelijker\/\"]},{\"@type\":\"Person\",\"@id\":\"https:\/\/www.comparateur.be\/#\/schema\/person\/4748d4871bb32b57622db0bfe37abf1b\",\"name\":\"Hanna Deweirdt\",\"image\":{\"@type\":\"ImageObject\",\"inLanguage\":\"fr-BE\",\"@id\":\"https:\/\/www.comparateur.be\/#\/schema\/person\/image\/\",\"url\":\"https:\/\/secure.gravatar.com\/avatar\/2d69cdb3ff68969f1c06f5ee6133ce3d?s=96&d=mm&r=g\",\"contentUrl\":\"https:\/\/secure.gravatar.com\/avatar\/2d69cdb3ff68969f1c06f5ee6133ce3d?s=96&d=mm&r=g\",\"caption\":\"Hanna Deweirdt\"}}]}<\/script>\n<!-- \/ Yoast SEO Premium plugin. -->","yoast_head_json":{"title":"Transporter des v\u00e9los avec un porte-v\u00e9los : quelle assurance prendre ?","description":"Vous emmenez vos v\u00e9los en vacances ? Votre assurance intervient-elle en cas d\u2019accident ?","robots":{"index":"index","follow":"follow","max-snippet":"max-snippet:-1","max-image-preview":"max-image-preview:large","max-video-preview":"max-video-preview:-1"},"canonical":"https:\/\/www.comparateur.be\/assurances\/blog\/assurance-auto\/velos-sur-lauto-sont-ils-assures","og_locale":"fr_FR","og_type":"article","og_title":"Transporter des v\u00e9los avec un porte-v\u00e9los : l\u2019assurance intervient-elle en cas d\u2019accident ?","og_description":"Vous emmenez vos v\u00e9los en vacances ? Votre assurance intervient-elle en cas d\u2019accident ?","og_url":"https:\/\/www.comparateur.be\/assurances\/blog\/assurance-auto\/velos-sur-lauto-sont-ils-assures","og_site_name":"Comparateur.be","article_publisher":"https:\/\/www.facebook.com\/Mijnvergelijker\/","article_published_time":"2023-07-06T08:59:00+00:00","article_modified_time":"2025-06-30T12:50:06+00:00","og_image":[{"width":2121,"height":1414,"url":"https:\/\/www.comparateur.be\/wordpress\/wp-content\/uploads\/2023\/07\/01.08.2023-Man-kijkt-naar-hoe-fietsendrager-van-zijn-auto-is-gevallen.jpg","type":"image\/jpeg"}],"author":"Hanna Deweirdt","twitter_card":"summary_large_image","twitter_misc":{"\u00c9crit par":"Hanna Deweirdt","Dur\u00e9e de lecture est.":"3 minutes"},"schema":{"@context":"https:\/\/schema.org","@graph":[{"@type":"Article","@id":"https:\/\/www.comparateur.be\/assurances\/blog\/assurance-auto\/velos-sur-lauto-sont-ils-assures#article","isPartOf":{"@id":"https:\/\/www.comparateur.be\/assurances\/blog\/assurance-auto\/velos-sur-lauto-sont-ils-assures"},"author":{"name":"Hanna Deweirdt","@id":"https:\/\/www.comparateur.be\/#\/schema\/person\/4748d4871bb32b57622db0bfe37abf1b"},"headline":"Transporter des v\u00e9los avec un porte-v\u00e9los : l\u2019assurance intervient-elle en cas d\u2019accident ?","datePublished":"2023-07-06T08:59:00+00:00","dateModified":"2025-06-30T12:50:06+00:00","mainEntityOfPage":{"@id":"https:\/\/www.comparateur.be\/assurances\/blog\/assurance-auto\/velos-sur-lauto-sont-ils-assures"},"wordCount":606,"publisher":{"@id":"https:\/\/www.comparateur.be\/#organization"},"image":{"@id":"https:\/\/www.comparateur.be\/assurances\/blog\/assurance-auto\/velos-sur-lauto-sont-ils-assures#primaryimage"},"thumbnailUrl":"https:\/\/www.comparateur.be\/wordpress\/wp-content\/uploads\/2023\/07\/01.08.2023-Man-kijkt-naar-hoe-fietsendrager-van-zijn-auto-is-gevallen.jpg","articleSection":["Assurance Auto"],"inLanguage":"fr-BE"},{"@type":"WebPage","@id":"https:\/\/www.comparateur.be\/assurances\/blog\/assurance-auto\/velos-sur-lauto-sont-ils-assures","url":"https:\/\/www.comparateur.be\/assurances\/blog\/assurance-auto\/velos-sur-lauto-sont-ils-assures","name":"Transporter des v\u00e9los avec un porte-v\u00e9los : quelle assurance prendre ?","isPartOf":{"@id":"https:\/\/www.comparateur.be\/#website"},"primaryImageOfPage":{"@id":"https:\/\/www.comparateur.be\/assurances\/blog\/assurance-auto\/velos-sur-lauto-sont-ils-assures#primaryimage"},"image":{"@id":"https:\/\/www.comparateur.be\/assurances\/blog\/assurance-auto\/velos-sur-lauto-sont-ils-assures#primaryimage"},"thumbnailUrl":"https:\/\/www.comparateur.be\/wordpress\/wp-content\/uploads\/2023\/07\/01.08.2023-Man-kijkt-naar-hoe-fietsendrager-van-zijn-auto-is-gevallen.jpg","datePublished":"2023-07-06T08:59:00+00:00","dateModified":"2025-06-30T12:50:06+00:00","description":"Vous emmenez vos v\u00e9los en vacances ? Votre assurance intervient-elle en cas d\u2019accident ?","breadcrumb":{"@id":"https:\/\/www.comparateur.be\/assurances\/blog\/assurance-auto\/velos-sur-lauto-sont-ils-assures#breadcrumb"},"inLanguage":"fr-BE","potentialAction":[{"@type":"ReadAction","target":["https:\/\/www.comparateur.be\/assurances\/blog\/assurance-auto\/velos-sur-lauto-sont-ils-assures"]}]},{"@type":"ImageObject","inLanguage":"fr-BE","@id":"https:\/\/www.comparateur.be\/assurances\/blog\/assurance-auto\/velos-sur-lauto-sont-ils-assures#primaryimage","url":"https:\/\/www.comparateur.be\/wordpress\/wp-content\/uploads\/2023\/07\/01.08.2023-Man-kijkt-naar-hoe-fietsendrager-van-zijn-auto-is-gevallen.jpg","contentUrl":"https:\/\/www.comparateur.be\/wordpress\/wp-content\/uploads\/2023\/07\/01.08.2023-Man-kijkt-naar-hoe-fietsendrager-van-zijn-auto-is-gevallen.jpg","width":2121,"height":1414,"caption":"Cyclist preparing the gear for departure after training in winter."},{"@type":"BreadcrumbList","@id":"https:\/\/www.comparateur.be\/assurances\/blog\/assurance-auto\/velos-sur-lauto-sont-ils-assures#breadcrumb","itemListElement":[{"@type":"ListItem","position":1,"name":"Home","item":"https:\/\/www.comparateur.be\/"},{"@type":"ListItem","position":2,"name":"Transporter des v\u00e9los avec un porte-v\u00e9los : l\u2019assurance intervient-elle en cas d\u2019accident ?"}]},{"@type":"WebSite","@id":"https:\/\/www.comparateur.be\/#website","url":"https:\/\/www.comparateur.be\/","name":"MIjnvergelijker.be","description":"","publisher":{"@id":"https:\/\/www.comparateur.be\/#organization"},"potentialAction":[{"@type":"SearchAction","target":{"@type":"EntryPoint","urlTemplate":"https:\/\/www.comparateur.be\/?s={search_term_string}"},"query-input":"required name=search_term_string"}],"inLanguage":"fr-BE"},{"@type":"Organization","@id":"https:\/\/www.comparateur.be\/#organization","name":"Comparateur.be","url":"https:\/\/www.comparateur.be\/","logo":{"@type":"ImageObject","inLanguage":"fr-BE","@id":"https:\/\/www.comparateur.be\/#\/schema\/logo\/image\/","url":"https:\/\/www.comparateur.be\/wordpress\/wp-content\/uploads\/2024\/09\/Algemeen_met-slogan_NL@.png","contentUrl":"https:\/\/www.comparateur.be\/wordpress\/wp-content\/uploads\/2024\/09\/Algemeen_met-slogan_NL@.png","width":2444,"height":418,"caption":"Comparateur.be"},"image":{"@id":"https:\/\/www.comparateur.be\/#\/schema\/logo\/image\/"},"sameAs":["https:\/\/www.facebook.com\/Mijnvergelijker\/"]},{"@type":"Person","@id":"https:\/\/www.comparateur.be\/#\/schema\/person\/4748d4871bb32b57622db0bfe37abf1b","name":"Hanna Deweirdt","image":{"@type":"ImageObject","inLanguage":"fr-BE","@id":"https:\/\/www.comparateur.be\/#\/schema\/person\/image\/","url":"https:\/\/secure.gravatar.com\/avatar\/2d69cdb3ff68969f1c06f5ee6133ce3d?s=96&d=mm&r=g","contentUrl":"https:\/\/secure.gravatar.com\/avatar\/2d69cdb3ff68969f1c06f5ee6133ce3d?s=96&d=mm&r=g","caption":"Hanna Deweirdt"}}]}},"_links":{"self":[{"href":"https:\/\/www.comparateur.be\/wordpress\/wp-json\/wp\/v2\/posts\/4765"}],"collection":[{"href":"https:\/\/www.comparateur.be\/wordpress\/wp-json\/wp\/v2\/posts"}],"about":[{"href":"https:\/\/www.comparateur.be\/wordpress\/wp-json\/wp\/v2\/types\/post"}],"author":[{"embeddable":true,"href":"https:\/\/www.comparateur.be\/wordpress\/wp-json\/wp\/v2\/users\/8"}],"replies":[{"embeddable":true,"href":"https:\/\/www.comparateur.be\/wordpress\/wp-json\/wp\/v2\/comments?post=4765"}],"version-history":[{"count":7,"href":"https:\/\/www.comparateur.be\/wordpress\/wp-json\/wp\/v2\/posts\/4765\/revisions"}],"predecessor-version":[{"id":13895,"href":"https:\/\/www.comparateur.be\/wordpress\/wp-json\/wp\/v2\/posts\/4765\/revisions\/13895"}],"wp:featuredmedia":[{"embeddable":true,"href":"https:\/\/www.comparateur.be\/wordpress\/wp-json\/wp\/v2\/media\/4929"}],"wp:attachment":[{"href":"https:\/\/www.comparateur.be\/wordpress\/wp-json\/wp\/v2\/media?parent=4765"}],"wp:term":[{"taxonomy":"category","embeddable":true,"href":"https:\/\/www.comparateur.be\/wordpress\/wp-json\/wp\/v2\/categories?post=4765"},{"taxonomy":"post_tag","embeddable":true,"href":"https:\/\/www.comparateur.be\/wordpress\/wp-json\/wp\/v2\/tags?post=4765"}],"curies":[{"name":"wp","href":"https:\/\/api.w.org\/{rel}","templated":true}]}}