{"id":11155,"date":"2024-11-21T14:47:13","date_gmt":"2024-11-21T13:47:13","guid":{"rendered":"https:\/\/www.mijnvergelijker.be\/assurances\/blog\/non-classifiee\/van-ossentong-in-madeirasaus-tot-vlaai-zo-verschillend-zijn-koffietafels-doorheen-ons-land"},"modified":"2024-12-18T10:49:09","modified_gmt":"2024-12-18T09:49:09","slug":"repas-de-deuil-differences-regionales-belgique","status":"publish","type":"post","link":"https:\/\/www.comparateur.be\/assurances\/blog\/assurance-obseques\/repas-de-deuil-differences-regionales-belgique","title":{"rendered":"Langue de b\u0153uf en sauce Mad\u00e8re ou tarte au riz : les repas de deuil varient par r\u00e9gion"},"content":{"rendered":"<p><strong>Souscrire une assurance obs\u00e8ques permet de d\u00e9charger vos proches des d\u00e9marches administratives li\u00e9es \u00e0 un d\u00e9c\u00e8s. Elle couvre \u00e9galement les co\u00fbts de la c\u00e9r\u00e9monie et du caf\u00e9 d\u2019adieu. Mais saviez-vous que les repas de deuil varient d&rsquo;une r\u00e9gion \u00e0 l&rsquo;autre, m\u00eame dans un petit pays comme le n\u00f4tre ? Comparateur.be a travers\u00e9 la Belgique, de l\u2019ouest \u00e0 l\u2019est, pour en savoir plus.<\/strong><\/p>\n<p>Saviez-vous que le repas de deuil ou caf\u00e9 d&rsquo;adieu remonte \u00e0 plus de 12.000 ans ? Des arch\u00e9ologues ont d\u00e9couvert, pr\u00e8s d\u2019une s\u00e9pulture dans une grotte au Moyen-Orient, des traces de ce qui serait le tout premier repas de deuil. Des mill\u00e9naires plus tard, cette tradition demeure bien vivante. Aujourd\u2019hui, elle offre aux endeuill\u00e9s l\u2019occasion de dire adieu au d\u00e9funt dans une atmosph\u00e8re conviviale.<\/p>\n<h2>De la bi\u00e8re au caf\u00e9<\/h2>\n<p>Comment vivre ce moment dans notre pays de tradition bourguignonne autrement qu\u2019en partageant un repas ? Compar\u00e9s aux plats servis chez nos voisins, nos plats de deuil sont plus copieux. En Allemagne, par exemple, le caf\u00e9 s&rsquo;accompagne g\u00e9n\u00e9ralement de petits en-cas. Aux Pays-Bas, il est de coutume de servir du g\u00e2teau avec le caf\u00e9.<\/p>\n<p>Aujourd\u2019hui en Belgique, les formules pour le caf\u00e9 d&rsquo;adieu varient selon les pr\u00e9f\u00e9rences et le budget de la famille, mais le menu d\u00e9pend \u00e9galement des traditions r\u00e9gionales. Une constante demeure : depuis le 20e si\u00e8cle, le caf\u00e9 est la boisson favorite lors de ces moments. \u00c0 titre de comparaison, au 19e si\u00e8cle, la bi\u00e8re \u00e9tait souvent la boisson de pr\u00e9dilection lors des repas fun\u00e9raires.<\/p>\n<h2>Centre du pays<\/h2>\n<p>Dans le Brabant wallon, les repas servis traditionnellement apr\u00e8s un enterrement comprennent g\u00e9n\u00e9ralement un vol-au-vent, ainsi que des tartes vari\u00e9es ou des fromages locaux. \u00c0 Anvers et dans le Brabant flamand, les repas de deuil incluent souvent des petits pains garnis de charcuterie (<em>sandwiches et petits pains<\/em>) ainsi que des viennoiseries aux raisins, au chocolat ou \u00e0 la cr\u00e8me p\u00e2tissi\u00e8re. Apr\u00e8s le caf\u00e9, on y sert g\u00e9n\u00e9ralement une bi\u00e8re, un verre de vin ou une boisson non alcoolis\u00e9e.<\/p>\n<h2>Province de Li\u00e8ge<\/h2>\n<p><span style=\"background-color: var(--color-white); color: var(--color-black); font-family: var(--font-body);\">Dans la province de Li\u00e8ge, les repas de deuil se composent souvent de plats simples, tels qu\u2019un potage aux l\u00e9gumes ou un bouillon. Des plats embl\u00e9matiques de la r\u00e9gion, comme les boulets \u00e0 la li\u00e9geoise ou la salade li\u00e9geoise, peuvent \u00e9galement \u00eatre propos\u00e9s. Le caf\u00e9, quant \u00e0 lui, s&rsquo;accompagne traditionnellement d&rsquo;une tarte au riz, sp\u00e9cialit\u00e9 incontournable de la r\u00e9gion.<\/span><\/p>\n<div class=\"flex-shrink-0 flex flex-col relative items-end\">\n<div class=\"pt-0\">\n<div class=\"gizmo-bot-avatar flex h-8 w-8 items-center justify-center overflow-hidden rounded-full\">\n<div class=\"relative p-1 rounded-sm flex items-center justify-center bg-token-main-surface-primary text-token-text-primary h-8 w-8\"><span style=\"color: var(--color-primary-500); font-family: var(--font-headings); font-size: var(--heading-lg); font-weight: bold; background-color: var(--color-white);\">Province de Luxembourg<\/span><\/div>\n<\/div>\n<\/div>\n<\/div>\n<p><span style=\"font-size: revert; background-color: var(--color-white); color: var(--color-black); font-family: var(--font-body);\">Dans la province de Luxembourg, les repas de deuil sont souvent compos\u00e9s de plats r\u00e9confortants, tels que du boudin blanc servi avec du pain et du beurre, ou encore un rago\u00fbt ardennais. <\/span><span style=\"font-size: revert; background-color: var(--color-white); color: var(--color-black); font-family: var(--font-body);\">Pour accompagner le caf\u00e9, la tarte aux myrtilles est quant \u00e0 elle un classique indispensable.<\/span><\/p>\n<h2>Province de Flandre-Orientale<\/h2>\n<p>Ici, un repas chaud est souvent au menu et reste une tradition vivace. Parmi les plats typiques servis lors des fun\u00e9railles figurent la langue de b\u0153uf en sauce Mad\u00e8re ou encore le r\u00f4ti accompagn\u00e9 d\u2019une couronne de l\u00e9gumes.<\/p>\n<h2>Quel est le co\u00fbt d&rsquo;un repas de deuil ?<\/h2>\n<p>Le caf\u00e9 d\u2019adieu ne repr\u00e9sente qu\u2019une partie des frais li\u00e9s \u00e0 des fun\u00e9railles. Beaucoup de familles sont surprises par le montant total : actuellement, le <a href=\"https:\/\/www.comparateur.be\/assurances\/blog\/assurance-obseques\/les-obseques-coutent-en-moyenne-5-000-euros-quelle-est-lutilite-dune-assurance-obseques\">co\u00fbt moyen d&rsquo;une c\u00e9r\u00e9monie fun\u00e9raire<\/a> oscille entre 5.000 et 8.000 euros. A cela s\u2019ajoutent les services de l\u2019entrepreneur de pompes fun\u00e8bres, le cercueil ou l\u2019urne, la cr\u00e9mation ou l\u2019inhumation, la c\u00e9r\u00e9monie d\u2019adieu, et bien d\u2019autres d\u00e9penses.<\/p>\n<p>Voulez-vous all\u00e9ger la charge financi\u00e8re de vos proches ? <a href=\"https:\/\/www.comparateur.be\/assurances\/blog\/assurance-obseques\/souscrire-une-assurance-obsques-judicieux-tout-ge\">Souscrire une assurance obs\u00e8ques<\/a> vous permet de constituer un capital de votre vivant, destin\u00e9 \u00e0 couvrir les frais de vos fun\u00e9railles. Vous payez une prime d\u2019assurance annuelle pour anticiper ces co\u00fbts.<\/p>\n<h2>Les formules d\u2019assurance obs\u00e8ques existantes<\/h2>\n<p>Certaines assurances obs\u00e8ques couvrent un montant total d\u00e9termin\u00e9. Apr\u00e8s votre d\u00e9c\u00e8s, ce montant est vers\u00e9 \u00e0 vos proches, afin qu&rsquo;ils puissent assumer les frais d&rsquo;obs\u00e8ques. D&rsquo;autres assurances obs\u00e8ques ne versent pas de montant, mais prennent en charge des frais pr\u00e9cis li\u00e9s aux fun\u00e9railles.<\/p>\n\n\n<div id=\"button-block_67505da042481\" class=\"button-title container\" style=\"flex-direction:initial\">\n\n\n    <a href=\"https:\/\/www.comparateur.be\/assurance-obseques\" class=\"button button--primary\">\n        <span class=\"d-flex align-items-center\">\n            Comparez les assurances obs\u00e8ques            <svg xmlns=\"http:\/\/www.w3.org\/2000\/svg\" width=\"22\" height=\"22\" viewBox=\"0 0 24 24\" fill=\"none\" class=\"arrow-right\"><path d=\"M5 12H19\" stroke-width=\"2\" stroke-linecap=\"round\" stroke-linejoin=\"round\"\/><path d=\"M12 5L19 12L12 19\" stroke-width=\"2\" stroke-linecap=\"round\" stroke-linejoin=\"round\"\/><\/svg>        <\/span>\n    <\/a>\n\n\n<\/div>\n\n","protected":false},"excerpt":{"rendered":"Souscrire une assurance obs\u00e8ques permet de d\u00e9charger vos proches des d\u00e9marches administratives li\u00e9es \u00e0 un d\u00e9c\u00e8s. Elle couvre \u00e9galement les&#8230;","protected":false},"author":8,"featured_media":11041,"comment_status":"open","ping_status":"open","sticky":false,"template":"","format":"standard","meta":{"footnotes":""},"categories":[57],"tags":[],"class_list":["post-11155","post","type-post","status-publish","format-standard","has-post-thumbnail","hentry","category-assurance-obseques"],"acf":[],"yoast_head":"<!-- This site is optimized with the Yoast SEO Premium plugin v23.4 (Yoast SEO v23.4) - https:\/\/yoast.com\/wordpress\/plugins\/seo\/ -->\n<title>Repas de deuil : diff\u00e9rences r\u00e9gionales - Comparateur.be<\/title>\n<meta name=\"description\" content=\"D\u00e9couvrez les plats traditionnels servis lors d&#039;un repas fun\u00e9raire ou caf\u00e9 de deuil en Belgique. Le menu varie selon les provinces !\" \/>\n<meta name=\"robots\" content=\"index, follow, max-snippet:-1, max-image-preview:large, max-video-preview:-1\" \/>\n<link rel=\"canonical\" href=\"https:\/\/www.comparateur.be\/assurances\/blog\/assurance-obseques\/repas-de-deuil-differences-regionales-belgique\" \/>\n<meta property=\"og:locale\" content=\"fr_FR\" \/>\n<meta property=\"og:type\" content=\"article\" \/>\n<meta property=\"og:title\" content=\"Langue de b\u0153uf en sauce Mad\u00e8re ou tarte au riz : les repas de deuil varient par r\u00e9gion\" \/>\n<meta property=\"og:description\" content=\"D\u00e9couvrez les plats traditionnels servis lors d&#039;un repas fun\u00e9raire ou caf\u00e9 de deuil en Belgique. Le menu varie selon les provinces !\" \/>\n<meta property=\"og:url\" content=\"https:\/\/www.comparateur.be\/assurances\/blog\/assurance-obseques\/repas-de-deuil-differences-regionales-belgique\" \/>\n<meta property=\"og:site_name\" content=\"Comparateur.be\" \/>\n<meta property=\"article:publisher\" content=\"https:\/\/www.facebook.com\/Mijnvergelijker\/\" \/>\n<meta property=\"article:published_time\" content=\"2024-11-21T13:47:13+00:00\" \/>\n<meta property=\"article:modified_time\" content=\"2024-12-18T09:49:09+00:00\" \/>\n<meta property=\"og:image\" content=\"https:\/\/www.comparateur.be\/wordpress\/wp-content\/uploads\/2024\/12\/familie-haalt-herinneringen-op-tijdens-koffietafel-van-overleden-echtgenoot.jpg\" \/>\n\t<meta property=\"og:image:width\" content=\"2210\" \/>\n\t<meta property=\"og:image:height\" content=\"1356\" \/>\n\t<meta property=\"og:image:type\" content=\"image\/jpeg\" \/>\n<meta name=\"author\" content=\"Hanna Deweirdt\" \/>\n<meta name=\"twitter:card\" content=\"summary_large_image\" \/>\n<meta name=\"twitter:label1\" content=\"\u00c9crit par\" \/>\n\t<meta name=\"twitter:data1\" content=\"Hanna Deweirdt\" \/>\n\t<meta name=\"twitter:label2\" content=\"Dur\u00e9e de lecture est.\" \/>\n\t<meta name=\"twitter:data2\" content=\"4 minutes\" \/>\n<script type=\"application\/ld+json\" class=\"yoast-schema-graph\">{\"@context\":\"https:\/\/schema.org\",\"@graph\":[{\"@type\":\"Article\",\"@id\":\"https:\/\/www.comparateur.be\/assurances\/blog\/assurance-obseques\/repas-de-deuil-differences-regionales-belgique#article\",\"isPartOf\":{\"@id\":\"https:\/\/www.comparateur.be\/assurances\/blog\/assurance-obseques\/repas-de-deuil-differences-regionales-belgique\"},\"author\":{\"name\":\"Hanna Deweirdt\",\"@id\":\"https:\/\/www.comparateur.be\/#\/schema\/person\/4748d4871bb32b57622db0bfe37abf1b\"},\"headline\":\"Langue de b\u0153uf en sauce Mad\u00e8re ou tarte au riz : les repas de deuil varient par r\u00e9gion\",\"datePublished\":\"2024-11-21T13:47:13+00:00\",\"dateModified\":\"2024-12-18T09:49:09+00:00\",\"mainEntityOfPage\":{\"@id\":\"https:\/\/www.comparateur.be\/assurances\/blog\/assurance-obseques\/repas-de-deuil-differences-regionales-belgique\"},\"wordCount\":764,\"commentCount\":0,\"publisher\":{\"@id\":\"https:\/\/www.comparateur.be\/#organization\"},\"image\":{\"@id\":\"https:\/\/www.comparateur.be\/assurances\/blog\/assurance-obseques\/repas-de-deuil-differences-regionales-belgique#primaryimage\"},\"thumbnailUrl\":\"https:\/\/www.comparateur.be\/wordpress\/wp-content\/uploads\/2024\/12\/familie-haalt-herinneringen-op-tijdens-koffietafel-van-overleden-echtgenoot.jpg\",\"articleSection\":[\"Assurance obs\u00e8ques\"],\"inLanguage\":\"fr-BE\",\"potentialAction\":[{\"@type\":\"CommentAction\",\"name\":\"Comment\",\"target\":[\"https:\/\/www.comparateur.be\/assurances\/blog\/assurance-obseques\/repas-de-deuil-differences-regionales-belgique#respond\"]}]},{\"@type\":\"WebPage\",\"@id\":\"https:\/\/www.comparateur.be\/assurances\/blog\/assurance-obseques\/repas-de-deuil-differences-regionales-belgique\",\"url\":\"https:\/\/www.comparateur.be\/assurances\/blog\/assurance-obseques\/repas-de-deuil-differences-regionales-belgique\",\"name\":\"Repas de deuil : diff\u00e9rences r\u00e9gionales - Comparateur.be\",\"isPartOf\":{\"@id\":\"https:\/\/www.comparateur.be\/#website\"},\"primaryImageOfPage\":{\"@id\":\"https:\/\/www.comparateur.be\/assurances\/blog\/assurance-obseques\/repas-de-deuil-differences-regionales-belgique#primaryimage\"},\"image\":{\"@id\":\"https:\/\/www.comparateur.be\/assurances\/blog\/assurance-obseques\/repas-de-deuil-differences-regionales-belgique#primaryimage\"},\"thumbnailUrl\":\"https:\/\/www.comparateur.be\/wordpress\/wp-content\/uploads\/2024\/12\/familie-haalt-herinneringen-op-tijdens-koffietafel-van-overleden-echtgenoot.jpg\",\"datePublished\":\"2024-11-21T13:47:13+00:00\",\"dateModified\":\"2024-12-18T09:49:09+00:00\",\"description\":\"D\u00e9couvrez les plats traditionnels servis lors d'un repas fun\u00e9raire ou caf\u00e9 de deuil en Belgique. Le menu varie selon les provinces !\",\"breadcrumb\":{\"@id\":\"https:\/\/www.comparateur.be\/assurances\/blog\/assurance-obseques\/repas-de-deuil-differences-regionales-belgique#breadcrumb\"},\"inLanguage\":\"fr-BE\",\"potentialAction\":[{\"@type\":\"ReadAction\",\"target\":[\"https:\/\/www.comparateur.be\/assurances\/blog\/assurance-obseques\/repas-de-deuil-differences-regionales-belgique\"]}]},{\"@type\":\"ImageObject\",\"inLanguage\":\"fr-BE\",\"@id\":\"https:\/\/www.comparateur.be\/assurances\/blog\/assurance-obseques\/repas-de-deuil-differences-regionales-belgique#primaryimage\",\"url\":\"https:\/\/www.comparateur.be\/wordpress\/wp-content\/uploads\/2024\/12\/familie-haalt-herinneringen-op-tijdens-koffietafel-van-overleden-echtgenoot.jpg\",\"contentUrl\":\"https:\/\/www.comparateur.be\/wordpress\/wp-content\/uploads\/2024\/12\/familie-haalt-herinneringen-op-tijdens-koffietafel-van-overleden-echtgenoot.jpg\",\"width\":2210,\"height\":1356,\"caption\":\"Mature friends are talking about life and drinking tea at home.\"},{\"@type\":\"BreadcrumbList\",\"@id\":\"https:\/\/www.comparateur.be\/assurances\/blog\/assurance-obseques\/repas-de-deuil-differences-regionales-belgique#breadcrumb\",\"itemListElement\":[{\"@type\":\"ListItem\",\"position\":1,\"name\":\"Home\",\"item\":\"https:\/\/www.comparateur.be\/\"},{\"@type\":\"ListItem\",\"position\":2,\"name\":\"Langue de b\u0153uf en sauce Mad\u00e8re ou tarte au riz : les repas de deuil varient par r\u00e9gion\"}]},{\"@type\":\"WebSite\",\"@id\":\"https:\/\/www.comparateur.be\/#website\",\"url\":\"https:\/\/www.comparateur.be\/\",\"name\":\"MIjnvergelijker.be\",\"description\":\"\",\"publisher\":{\"@id\":\"https:\/\/www.comparateur.be\/#organization\"},\"potentialAction\":[{\"@type\":\"SearchAction\",\"target\":{\"@type\":\"EntryPoint\",\"urlTemplate\":\"https:\/\/www.comparateur.be\/?s={search_term_string}\"},\"query-input\":\"required name=search_term_string\"}],\"inLanguage\":\"fr-BE\"},{\"@type\":\"Organization\",\"@id\":\"https:\/\/www.comparateur.be\/#organization\",\"name\":\"Comparateur.be\",\"url\":\"https:\/\/www.comparateur.be\/\",\"logo\":{\"@type\":\"ImageObject\",\"inLanguage\":\"fr-BE\",\"@id\":\"https:\/\/www.comparateur.be\/#\/schema\/logo\/image\/\",\"url\":\"https:\/\/www.comparateur.be\/wordpress\/wp-content\/uploads\/2024\/09\/Algemeen_met-slogan_NL@.png\",\"contentUrl\":\"https:\/\/www.comparateur.be\/wordpress\/wp-content\/uploads\/2024\/09\/Algemeen_met-slogan_NL@.png\",\"width\":2444,\"height\":418,\"caption\":\"Comparateur.be\"},\"image\":{\"@id\":\"https:\/\/www.comparateur.be\/#\/schema\/logo\/image\/\"},\"sameAs\":[\"https:\/\/www.facebook.com\/Mijnvergelijker\/\"]},{\"@type\":\"Person\",\"@id\":\"https:\/\/www.comparateur.be\/#\/schema\/person\/4748d4871bb32b57622db0bfe37abf1b\",\"name\":\"Hanna Deweirdt\",\"image\":{\"@type\":\"ImageObject\",\"inLanguage\":\"fr-BE\",\"@id\":\"https:\/\/www.comparateur.be\/#\/schema\/person\/image\/\",\"url\":\"https:\/\/secure.gravatar.com\/avatar\/2d69cdb3ff68969f1c06f5ee6133ce3d?s=96&d=mm&r=g\",\"contentUrl\":\"https:\/\/secure.gravatar.com\/avatar\/2d69cdb3ff68969f1c06f5ee6133ce3d?s=96&d=mm&r=g\",\"caption\":\"Hanna Deweirdt\"}}]}<\/script>\n<!-- \/ Yoast SEO Premium plugin. -->","yoast_head_json":{"title":"Repas de deuil : diff\u00e9rences r\u00e9gionales - Comparateur.be","description":"D\u00e9couvrez les plats traditionnels servis lors d'un repas fun\u00e9raire ou caf\u00e9 de deuil en Belgique. Le menu varie selon les provinces !","robots":{"index":"index","follow":"follow","max-snippet":"max-snippet:-1","max-image-preview":"max-image-preview:large","max-video-preview":"max-video-preview:-1"},"canonical":"https:\/\/www.comparateur.be\/assurances\/blog\/assurance-obseques\/repas-de-deuil-differences-regionales-belgique","og_locale":"fr_FR","og_type":"article","og_title":"Langue de b\u0153uf en sauce Mad\u00e8re ou tarte au riz : les repas de deuil varient par r\u00e9gion","og_description":"D\u00e9couvrez les plats traditionnels servis lors d'un repas fun\u00e9raire ou caf\u00e9 de deuil en Belgique. Le menu varie selon les provinces !","og_url":"https:\/\/www.comparateur.be\/assurances\/blog\/assurance-obseques\/repas-de-deuil-differences-regionales-belgique","og_site_name":"Comparateur.be","article_publisher":"https:\/\/www.facebook.com\/Mijnvergelijker\/","article_published_time":"2024-11-21T13:47:13+00:00","article_modified_time":"2024-12-18T09:49:09+00:00","og_image":[{"width":2210,"height":1356,"url":"https:\/\/www.comparateur.be\/wordpress\/wp-content\/uploads\/2024\/12\/familie-haalt-herinneringen-op-tijdens-koffietafel-van-overleden-echtgenoot.jpg","type":"image\/jpeg"}],"author":"Hanna Deweirdt","twitter_card":"summary_large_image","twitter_misc":{"\u00c9crit par":"Hanna Deweirdt","Dur\u00e9e de lecture est.":"4 minutes"},"schema":{"@context":"https:\/\/schema.org","@graph":[{"@type":"Article","@id":"https:\/\/www.comparateur.be\/assurances\/blog\/assurance-obseques\/repas-de-deuil-differences-regionales-belgique#article","isPartOf":{"@id":"https:\/\/www.comparateur.be\/assurances\/blog\/assurance-obseques\/repas-de-deuil-differences-regionales-belgique"},"author":{"name":"Hanna Deweirdt","@id":"https:\/\/www.comparateur.be\/#\/schema\/person\/4748d4871bb32b57622db0bfe37abf1b"},"headline":"Langue de b\u0153uf en sauce Mad\u00e8re ou tarte au riz : les repas de deuil varient par r\u00e9gion","datePublished":"2024-11-21T13:47:13+00:00","dateModified":"2024-12-18T09:49:09+00:00","mainEntityOfPage":{"@id":"https:\/\/www.comparateur.be\/assurances\/blog\/assurance-obseques\/repas-de-deuil-differences-regionales-belgique"},"wordCount":764,"commentCount":0,"publisher":{"@id":"https:\/\/www.comparateur.be\/#organization"},"image":{"@id":"https:\/\/www.comparateur.be\/assurances\/blog\/assurance-obseques\/repas-de-deuil-differences-regionales-belgique#primaryimage"},"thumbnailUrl":"https:\/\/www.comparateur.be\/wordpress\/wp-content\/uploads\/2024\/12\/familie-haalt-herinneringen-op-tijdens-koffietafel-van-overleden-echtgenoot.jpg","articleSection":["Assurance obs\u00e8ques"],"inLanguage":"fr-BE","potentialAction":[{"@type":"CommentAction","name":"Comment","target":["https:\/\/www.comparateur.be\/assurances\/blog\/assurance-obseques\/repas-de-deuil-differences-regionales-belgique#respond"]}]},{"@type":"WebPage","@id":"https:\/\/www.comparateur.be\/assurances\/blog\/assurance-obseques\/repas-de-deuil-differences-regionales-belgique","url":"https:\/\/www.comparateur.be\/assurances\/blog\/assurance-obseques\/repas-de-deuil-differences-regionales-belgique","name":"Repas de deuil : diff\u00e9rences r\u00e9gionales - Comparateur.be","isPartOf":{"@id":"https:\/\/www.comparateur.be\/#website"},"primaryImageOfPage":{"@id":"https:\/\/www.comparateur.be\/assurances\/blog\/assurance-obseques\/repas-de-deuil-differences-regionales-belgique#primaryimage"},"image":{"@id":"https:\/\/www.comparateur.be\/assurances\/blog\/assurance-obseques\/repas-de-deuil-differences-regionales-belgique#primaryimage"},"thumbnailUrl":"https:\/\/www.comparateur.be\/wordpress\/wp-content\/uploads\/2024\/12\/familie-haalt-herinneringen-op-tijdens-koffietafel-van-overleden-echtgenoot.jpg","datePublished":"2024-11-21T13:47:13+00:00","dateModified":"2024-12-18T09:49:09+00:00","description":"D\u00e9couvrez les plats traditionnels servis lors d'un repas fun\u00e9raire ou caf\u00e9 de deuil en Belgique. Le menu varie selon les provinces !","breadcrumb":{"@id":"https:\/\/www.comparateur.be\/assurances\/blog\/assurance-obseques\/repas-de-deuil-differences-regionales-belgique#breadcrumb"},"inLanguage":"fr-BE","potentialAction":[{"@type":"ReadAction","target":["https:\/\/www.comparateur.be\/assurances\/blog\/assurance-obseques\/repas-de-deuil-differences-regionales-belgique"]}]},{"@type":"ImageObject","inLanguage":"fr-BE","@id":"https:\/\/www.comparateur.be\/assurances\/blog\/assurance-obseques\/repas-de-deuil-differences-regionales-belgique#primaryimage","url":"https:\/\/www.comparateur.be\/wordpress\/wp-content\/uploads\/2024\/12\/familie-haalt-herinneringen-op-tijdens-koffietafel-van-overleden-echtgenoot.jpg","contentUrl":"https:\/\/www.comparateur.be\/wordpress\/wp-content\/uploads\/2024\/12\/familie-haalt-herinneringen-op-tijdens-koffietafel-van-overleden-echtgenoot.jpg","width":2210,"height":1356,"caption":"Mature friends are talking about life and drinking tea at home."},{"@type":"BreadcrumbList","@id":"https:\/\/www.comparateur.be\/assurances\/blog\/assurance-obseques\/repas-de-deuil-differences-regionales-belgique#breadcrumb","itemListElement":[{"@type":"ListItem","position":1,"name":"Home","item":"https:\/\/www.comparateur.be\/"},{"@type":"ListItem","position":2,"name":"Langue de b\u0153uf en sauce Mad\u00e8re ou tarte au riz : les repas de deuil varient par r\u00e9gion"}]},{"@type":"WebSite","@id":"https:\/\/www.comparateur.be\/#website","url":"https:\/\/www.comparateur.be\/","name":"MIjnvergelijker.be","description":"","publisher":{"@id":"https:\/\/www.comparateur.be\/#organization"},"potentialAction":[{"@type":"SearchAction","target":{"@type":"EntryPoint","urlTemplate":"https:\/\/www.comparateur.be\/?s={search_term_string}"},"query-input":"required name=search_term_string"}],"inLanguage":"fr-BE"},{"@type":"Organization","@id":"https:\/\/www.comparateur.be\/#organization","name":"Comparateur.be","url":"https:\/\/www.comparateur.be\/","logo":{"@type":"ImageObject","inLanguage":"fr-BE","@id":"https:\/\/www.comparateur.be\/#\/schema\/logo\/image\/","url":"https:\/\/www.comparateur.be\/wordpress\/wp-content\/uploads\/2024\/09\/Algemeen_met-slogan_NL@.png","contentUrl":"https:\/\/www.comparateur.be\/wordpress\/wp-content\/uploads\/2024\/09\/Algemeen_met-slogan_NL@.png","width":2444,"height":418,"caption":"Comparateur.be"},"image":{"@id":"https:\/\/www.comparateur.be\/#\/schema\/logo\/image\/"},"sameAs":["https:\/\/www.facebook.com\/Mijnvergelijker\/"]},{"@type":"Person","@id":"https:\/\/www.comparateur.be\/#\/schema\/person\/4748d4871bb32b57622db0bfe37abf1b","name":"Hanna Deweirdt","image":{"@type":"ImageObject","inLanguage":"fr-BE","@id":"https:\/\/www.comparateur.be\/#\/schema\/person\/image\/","url":"https:\/\/secure.gravatar.com\/avatar\/2d69cdb3ff68969f1c06f5ee6133ce3d?s=96&d=mm&r=g","contentUrl":"https:\/\/secure.gravatar.com\/avatar\/2d69cdb3ff68969f1c06f5ee6133ce3d?s=96&d=mm&r=g","caption":"Hanna Deweirdt"}}]}},"_links":{"self":[{"href":"https:\/\/www.comparateur.be\/wordpress\/wp-json\/wp\/v2\/posts\/11155"}],"collection":[{"href":"https:\/\/www.comparateur.be\/wordpress\/wp-json\/wp\/v2\/posts"}],"about":[{"href":"https:\/\/www.comparateur.be\/wordpress\/wp-json\/wp\/v2\/types\/post"}],"author":[{"embeddable":true,"href":"https:\/\/www.comparateur.be\/wordpress\/wp-json\/wp\/v2\/users\/8"}],"replies":[{"embeddable":true,"href":"https:\/\/www.comparateur.be\/wordpress\/wp-json\/wp\/v2\/comments?post=11155"}],"version-history":[{"count":5,"href":"https:\/\/www.comparateur.be\/wordpress\/wp-json\/wp\/v2\/posts\/11155\/revisions"}],"predecessor-version":[{"id":11163,"href":"https:\/\/www.comparateur.be\/wordpress\/wp-json\/wp\/v2\/posts\/11155\/revisions\/11163"}],"wp:featuredmedia":[{"embeddable":true,"href":"https:\/\/www.comparateur.be\/wordpress\/wp-json\/wp\/v2\/media\/11041"}],"wp:attachment":[{"href":"https:\/\/www.comparateur.be\/wordpress\/wp-json\/wp\/v2\/media?parent=11155"}],"wp:term":[{"taxonomy":"category","embeddable":true,"href":"https:\/\/www.comparateur.be\/wordpress\/wp-json\/wp\/v2\/categories?post=11155"},{"taxonomy":"post_tag","embeddable":true,"href":"https:\/\/www.comparateur.be\/wordpress\/wp-json\/wp\/v2\/tags?post=11155"}],"curies":[{"name":"wp","href":"https:\/\/api.w.org\/{rel}","templated":true}]}}