{"id":10971,"date":"2024-10-25T08:37:12","date_gmt":"2024-10-25T06:37:12","guid":{"rendered":"https:\/\/www.mijnvergelijker.be\/?p=10971"},"modified":"2024-11-14T08:39:57","modified_gmt":"2024-11-14T07:39:57","slug":"avez-vous-deja-pense-aux-elements-personnels-de-vos-funerailles-une-assurance-obseques-vous-aide-a-gerer-les-formalites","status":"publish","type":"post","link":"https:\/\/www.comparateur.be\/assurances\/blog\/assurance-obseques\/avez-vous-deja-pense-aux-elements-personnels-de-vos-funerailles-une-assurance-obseques-vous-aide-a-gerer-les-formalites","title":{"rendered":"Avez-vous d\u00e9j\u00e0 pens\u00e9 aux \u00e9l\u00e9ments personnels de vos fun\u00e9railles ? Une assurance obs\u00e8ques vous aide \u00e0 g\u00e9rer les formalit\u00e9s !"},"content":{"rendered":"<p><strong>Pr\u00e8s de 80% des Belges estiment que les \u00e9l\u00e9ments personnalis\u00e9s, tels que la musique, sont importants lors de leurs fun\u00e9railles. Pourtant, seulement 12% ont souscrit une assurance obs\u00e8ques. <\/strong><a href=\"https:\/\/www.comparateur.be\/?utm_source=7sur7&amp;utm_medium=partnersite&amp;utm_term=&amp;utm_content=a213014&amp;utm_campaign=content\"><strong>Comparateur.be<\/strong><\/a><strong> examine pourquoi une telle assurance peut s\u2019av\u00e9rer particuli\u00e8rement utile.<\/strong><\/p>\n<p>50% des Belges ont d\u00e9j\u00e0 pens\u00e9 \u00e0 leurs propres obs\u00e8ques, notamment aux \u00e9l\u00e9ments personnels, tels que la musique pour la c\u00e9r\u00e9monie. L\u2019ann\u00e9e derni\u00e8re, l\u2019assureur obs\u00e8ques <a href=\"https:\/\/www.comparateur.be\/assurances\/assureurs\/dela\">DELA<\/a> a men\u00e9 une \u00e9tude sur la musique fun\u00e9raire la plus populaire. Voici le top 5 en Belgique francophone :<\/p>\n<ol>\n<li>Vole, C\u00e9line Dion<\/li>\n<li>Puisque tu pars, Jean-Jacques Goldman<\/li>\n<li>Une m\u00e8re, Lynda Lemay<\/li>\n<li>Encore un soir, C\u00e9line Dion<\/li>\n<li>Chanson pour un enterrement, Gr\u00e9goire<\/li>\n<\/ol>\n<p>La chanson non-francophone la plus populaire est \u2018My way\u2019 de Frank Sinatra. Cependant, au-del\u00e0 de la musique, il y a des aspects encore plus importants \u00e0 consid\u00e9rer pour vos fun\u00e9railles : souscrire une assurance obs\u00e8ques.<\/p>\n<h2>Qu\u2019est-ce que l\u2019assurance obs\u00e8ques ?<\/h2>\n<p>L\u2019assurance obs\u00e8ques couvre tous les frais li\u00e9s \u00e0 vos fun\u00e9railles : pensez aux avis de d\u00e9c\u00e8s, les obs\u00e8ques elles-m\u00eames, la r\u00e9ception fun\u00e9raire, l\u2019urne et la pierre tombale. Vous pouvez souscrire une assurance obs\u00e8ques \u00e0 tout moment. En payant une prime d\u2019assurance annuelle, vous constituez un capital qui financera vos fun\u00e9railles \u00e0 l&rsquo;avenir.\u00a0<\/p>\n<p>Plus vous attendez pour souscrire une assurance obs\u00e8ques, plus la prime sera \u00e9lev\u00e9e, car le risque de d\u00e9c\u00e8s augmente avec l&rsquo;\u00e2ge. Voil\u00e0 <a href=\"https:\/\/www.comparateur.be\/assurances\/blog\/assurance-obseques\/plus-tot-vous-souscrivez-une-assurance-obseques-moins-chere-sera-votre-prime\">l\u2019importance de souscrire une assurance obs\u00e8ques \u00e0 un jeune \u00e2ge<\/a>. De plus, la dur\u00e9e du contrat, la formule choisie et le montant assur\u00e9 influencent \u00e9galement le co\u00fbt de la prime annuelle.<\/p>\n<h2>Quelles sont les formules existantes ?<\/h2>\n<ol>\n<li>Certains contrats d\u2019assurance obs\u00e8ques couvrent un <a href=\"https:\/\/www.comparateur.be\/assurances\/blog\/assurance-obseques\/assurance-obseques-choisissez-un-montant-assure-qui-couvrira-vos-funerailles-dans-30-ans\">capital pr\u00e9d\u00e9fini<\/a>. Ce montant sera vers\u00e9 \u00e0 vos proches apr\u00e8s votre d\u00e9c\u00e8s et pourra \u00eatre utilis\u00e9 pour payer tous les frais des obs\u00e8ques.<\/li>\n<li>Les meilleurs contrats d\u2019assurance obs\u00e8ques offrent encore plus de services. Ils prennent en charge toutes les formalit\u00e9s administratives et juridiques li\u00e9es \u00e0 votre d\u00e9c\u00e8s, soulageant ainsi votre famille ou vos proches. Elles s&rsquo;occupent de notifier votre mutuelle et vous aident \u00e0 r\u00e9gler la succession, ce qui vous permet de vous concentrer sur votre processus de deuil.<\/li>\n<\/ol>\n<p>Lorsque <a href=\"https:\/\/www.comparateur.be\/assurance-obseques\/?utm_source=7sur7&amp;utm_medium=partnersite&amp;utm_term=&amp;utm_content=a213014&amp;utm_campaign=content\">vous comparez des polices d\u2019assurance obs\u00e8ques<\/a>, lisez attentivement les clauses avant de signer. Qu\u2019est-ce qui est inclus et qu\u2019est-ce qui ne l\u2019est pas ? Y a-t-il des services suppl\u00e9mentaires qui sont couverts ? Plus la couverture est \u00e9tendue, plus la prime d\u2019assurance sera \u00e9lev\u00e9e.<\/p>\n<p>Comparer des assurances de mani\u00e8re rapide et efficace ? Sur Comparateur.be, comparez plusieurs assureurs et d\u00e9couvrez imm\u00e9diatement combien vous pouvez \u00e9conomiser sur votre assurance !<\/p>\n\n\n<div id=\"button-block_6735a8f5648ea\" class=\"button-title alignleft container\" style=\"flex-direction:initial\">\n\n\n    <a href=\"https:\/\/www.comparateur.be\/assurance-obseques\" class=\"button button--primary\">\n        <span class=\"d-flex align-items-center\">\n            Comparez les asssurances obs\u00e8ques            <svg xmlns=\"http:\/\/www.w3.org\/2000\/svg\" width=\"22\" height=\"22\" viewBox=\"0 0 24 24\" fill=\"none\" class=\"arrow-right\"><path d=\"M5 12H19\" stroke-width=\"2\" stroke-linecap=\"round\" stroke-linejoin=\"round\"\/><path d=\"M12 5L19 12L12 19\" stroke-width=\"2\" stroke-linecap=\"round\" stroke-linejoin=\"round\"\/><\/svg>        <\/span>\n    <\/a>\n\n\n<\/div>\n\n","protected":false},"excerpt":{"rendered":"Pr\u00e8s de 80% des Belges estiment que les \u00e9l\u00e9ments personnalis\u00e9s, tels que la musique, sont importants lors de leurs fun\u00e9railles&#8230;.","protected":false},"author":8,"featured_media":10757,"comment_status":"open","ping_status":"open","sticky":false,"template":"","format":"standard","meta":{"footnotes":""},"categories":[57],"tags":[],"class_list":["post-10971","post","type-post","status-publish","format-standard","has-post-thumbnail","hentry","category-assurance-obseques"],"acf":[],"yoast_head":"<!-- This site is optimized with the Yoast SEO Premium plugin v23.4 (Yoast SEO v23.4) - https:\/\/yoast.com\/wordpress\/plugins\/seo\/ -->\n<title>Les \u00e9l\u00e9ments personnels de vos fun\u00e9railles - Comparateur.be<\/title>\n<meta name=\"description\" content=\"50% des Belges ont d\u00e9j\u00e0 choisi la musique pour leurs fun\u00e9railles. Cependant, seulement 12% ont souscrit une assurance obs\u00e8ques, alors qu\u2019elle vous aide \u00e0 g\u00e9rer les formalit\u00e9s.\" \/>\n<meta name=\"robots\" content=\"index, follow, max-snippet:-1, max-image-preview:large, max-video-preview:-1\" \/>\n<link rel=\"canonical\" href=\"https:\/\/www.comparateur.be\/assurances\/blog\/assurance-obseques\/avez-vous-deja-pense-aux-elements-personnels-de-vos-funerailles-une-assurance-obseques-vous-aide-a-gerer-les-formalites\" \/>\n<meta property=\"og:locale\" content=\"fr_FR\" \/>\n<meta property=\"og:type\" content=\"article\" \/>\n<meta property=\"og:title\" content=\"Avez-vous d\u00e9j\u00e0 pens\u00e9 aux \u00e9l\u00e9ments personnels de vos fun\u00e9railles ? Une assurance obs\u00e8ques vous aide \u00e0 g\u00e9rer les formalit\u00e9s !\" \/>\n<meta property=\"og:description\" content=\"50% des Belges ont d\u00e9j\u00e0 choisi la musique pour leurs fun\u00e9railles. Cependant, seulement 12% ont souscrit une assurance obs\u00e8ques, alors qu\u2019elle vous aide \u00e0 g\u00e9rer les formalit\u00e9s.\" \/>\n<meta property=\"og:url\" content=\"https:\/\/www.comparateur.be\/assurances\/blog\/assurance-obseques\/avez-vous-deja-pense-aux-elements-personnels-de-vos-funerailles-une-assurance-obseques-vous-aide-a-gerer-les-formalites\" \/>\n<meta property=\"og:site_name\" content=\"Comparateur.be\" \/>\n<meta property=\"article:publisher\" content=\"https:\/\/www.facebook.com\/Mijnvergelijker\/\" \/>\n<meta property=\"article:published_time\" content=\"2024-10-25T06:37:12+00:00\" \/>\n<meta property=\"article:modified_time\" content=\"2024-11-14T07:39:57+00:00\" \/>\n<meta property=\"og:image\" content=\"https:\/\/www.comparateur.be\/wordpress\/wp-content\/uploads\/2024\/10\/Familieleden-van-overledene-zingen-Afscheid-van-een-vriend-tijdens-begrafenis-in-de-kerk.jpg\" \/>\n\t<meta property=\"og:image:width\" content=\"2121\" \/>\n\t<meta property=\"og:image:height\" content=\"1414\" \/>\n\t<meta property=\"og:image:type\" content=\"image\/jpeg\" \/>\n<meta name=\"author\" content=\"Hanna Deweirdt\" \/>\n<meta name=\"twitter:card\" content=\"summary_large_image\" \/>\n<meta name=\"twitter:label1\" content=\"\u00c9crit par\" \/>\n\t<meta name=\"twitter:data1\" content=\"Hanna Deweirdt\" \/>\n\t<meta name=\"twitter:label2\" content=\"Dur\u00e9e de lecture est.\" \/>\n\t<meta name=\"twitter:data2\" content=\"2 minutes\" \/>\n<script type=\"application\/ld+json\" class=\"yoast-schema-graph\">{\"@context\":\"https:\/\/schema.org\",\"@graph\":[{\"@type\":\"Article\",\"@id\":\"https:\/\/www.comparateur.be\/assurances\/blog\/assurance-obseques\/avez-vous-deja-pense-aux-elements-personnels-de-vos-funerailles-une-assurance-obseques-vous-aide-a-gerer-les-formalites#article\",\"isPartOf\":{\"@id\":\"https:\/\/www.comparateur.be\/assurances\/blog\/assurance-obseques\/avez-vous-deja-pense-aux-elements-personnels-de-vos-funerailles-une-assurance-obseques-vous-aide-a-gerer-les-formalites\"},\"author\":{\"name\":\"Hanna Deweirdt\",\"@id\":\"https:\/\/www.comparateur.be\/#\/schema\/person\/4748d4871bb32b57622db0bfe37abf1b\"},\"headline\":\"Avez-vous d\u00e9j\u00e0 pens\u00e9 aux \u00e9l\u00e9ments personnels de vos fun\u00e9railles ? Une assurance obs\u00e8ques vous aide \u00e0 g\u00e9rer les formalit\u00e9s !\",\"datePublished\":\"2024-10-25T06:37:12+00:00\",\"dateModified\":\"2024-11-14T07:39:57+00:00\",\"mainEntityOfPage\":{\"@id\":\"https:\/\/www.comparateur.be\/assurances\/blog\/assurance-obseques\/avez-vous-deja-pense-aux-elements-personnels-de-vos-funerailles-une-assurance-obseques-vous-aide-a-gerer-les-formalites\"},\"wordCount\":494,\"commentCount\":0,\"publisher\":{\"@id\":\"https:\/\/www.comparateur.be\/#organization\"},\"image\":{\"@id\":\"https:\/\/www.comparateur.be\/assurances\/blog\/assurance-obseques\/avez-vous-deja-pense-aux-elements-personnels-de-vos-funerailles-une-assurance-obseques-vous-aide-a-gerer-les-formalites#primaryimage\"},\"thumbnailUrl\":\"https:\/\/www.comparateur.be\/wordpress\/wp-content\/uploads\/2024\/10\/Familieleden-van-overledene-zingen-Afscheid-van-een-vriend-tijdens-begrafenis-in-de-kerk.jpg\",\"articleSection\":[\"Assurance obs\u00e8ques\"],\"inLanguage\":\"fr-BE\",\"potentialAction\":[{\"@type\":\"CommentAction\",\"name\":\"Comment\",\"target\":[\"https:\/\/www.comparateur.be\/assurances\/blog\/assurance-obseques\/avez-vous-deja-pense-aux-elements-personnels-de-vos-funerailles-une-assurance-obseques-vous-aide-a-gerer-les-formalites#respond\"]}]},{\"@type\":\"WebPage\",\"@id\":\"https:\/\/www.comparateur.be\/assurances\/blog\/assurance-obseques\/avez-vous-deja-pense-aux-elements-personnels-de-vos-funerailles-une-assurance-obseques-vous-aide-a-gerer-les-formalites\",\"url\":\"https:\/\/www.comparateur.be\/assurances\/blog\/assurance-obseques\/avez-vous-deja-pense-aux-elements-personnels-de-vos-funerailles-une-assurance-obseques-vous-aide-a-gerer-les-formalites\",\"name\":\"Les \u00e9l\u00e9ments personnels de vos fun\u00e9railles - Comparateur.be\",\"isPartOf\":{\"@id\":\"https:\/\/www.comparateur.be\/#website\"},\"primaryImageOfPage\":{\"@id\":\"https:\/\/www.comparateur.be\/assurances\/blog\/assurance-obseques\/avez-vous-deja-pense-aux-elements-personnels-de-vos-funerailles-une-assurance-obseques-vous-aide-a-gerer-les-formalites#primaryimage\"},\"image\":{\"@id\":\"https:\/\/www.comparateur.be\/assurances\/blog\/assurance-obseques\/avez-vous-deja-pense-aux-elements-personnels-de-vos-funerailles-une-assurance-obseques-vous-aide-a-gerer-les-formalites#primaryimage\"},\"thumbnailUrl\":\"https:\/\/www.comparateur.be\/wordpress\/wp-content\/uploads\/2024\/10\/Familieleden-van-overledene-zingen-Afscheid-van-een-vriend-tijdens-begrafenis-in-de-kerk.jpg\",\"datePublished\":\"2024-10-25T06:37:12+00:00\",\"dateModified\":\"2024-11-14T07:39:57+00:00\",\"description\":\"50% des Belges ont d\u00e9j\u00e0 choisi la musique pour leurs fun\u00e9railles. Cependant, seulement 12% ont souscrit une assurance obs\u00e8ques, alors qu\u2019elle vous aide \u00e0 g\u00e9rer les formalit\u00e9s.\",\"breadcrumb\":{\"@id\":\"https:\/\/www.comparateur.be\/assurances\/blog\/assurance-obseques\/avez-vous-deja-pense-aux-elements-personnels-de-vos-funerailles-une-assurance-obseques-vous-aide-a-gerer-les-formalites#breadcrumb\"},\"inLanguage\":\"fr-BE\",\"potentialAction\":[{\"@type\":\"ReadAction\",\"target\":[\"https:\/\/www.comparateur.be\/assurances\/blog\/assurance-obseques\/avez-vous-deja-pense-aux-elements-personnels-de-vos-funerailles-une-assurance-obseques-vous-aide-a-gerer-les-formalites\"]}]},{\"@type\":\"ImageObject\",\"inLanguage\":\"fr-BE\",\"@id\":\"https:\/\/www.comparateur.be\/assurances\/blog\/assurance-obseques\/avez-vous-deja-pense-aux-elements-personnels-de-vos-funerailles-une-assurance-obseques-vous-aide-a-gerer-les-formalites#primaryimage\",\"url\":\"https:\/\/www.comparateur.be\/wordpress\/wp-content\/uploads\/2024\/10\/Familieleden-van-overledene-zingen-Afscheid-van-een-vriend-tijdens-begrafenis-in-de-kerk.jpg\",\"contentUrl\":\"https:\/\/www.comparateur.be\/wordpress\/wp-content\/uploads\/2024\/10\/Familieleden-van-overledene-zingen-Afscheid-van-een-vriend-tijdens-begrafenis-in-de-kerk.jpg\",\"width\":2121,\"height\":1414,\"caption\":\"Familieleden van overledene zingen Afscheid van een vriend tijdens begrafenis in de kerk\"},{\"@type\":\"BreadcrumbList\",\"@id\":\"https:\/\/www.comparateur.be\/assurances\/blog\/assurance-obseques\/avez-vous-deja-pense-aux-elements-personnels-de-vos-funerailles-une-assurance-obseques-vous-aide-a-gerer-les-formalites#breadcrumb\",\"itemListElement\":[{\"@type\":\"ListItem\",\"position\":1,\"name\":\"Home\",\"item\":\"https:\/\/www.comparateur.be\/\"},{\"@type\":\"ListItem\",\"position\":2,\"name\":\"Avez-vous d\u00e9j\u00e0 pens\u00e9 aux \u00e9l\u00e9ments personnels de vos fun\u00e9railles ? Une assurance obs\u00e8ques vous aide \u00e0 g\u00e9rer les formalit\u00e9s !\"}]},{\"@type\":\"WebSite\",\"@id\":\"https:\/\/www.comparateur.be\/#website\",\"url\":\"https:\/\/www.comparateur.be\/\",\"name\":\"MIjnvergelijker.be\",\"description\":\"\",\"publisher\":{\"@id\":\"https:\/\/www.comparateur.be\/#organization\"},\"potentialAction\":[{\"@type\":\"SearchAction\",\"target\":{\"@type\":\"EntryPoint\",\"urlTemplate\":\"https:\/\/www.comparateur.be\/?s={search_term_string}\"},\"query-input\":\"required name=search_term_string\"}],\"inLanguage\":\"fr-BE\"},{\"@type\":\"Organization\",\"@id\":\"https:\/\/www.comparateur.be\/#organization\",\"name\":\"Comparateur.be\",\"url\":\"https:\/\/www.comparateur.be\/\",\"logo\":{\"@type\":\"ImageObject\",\"inLanguage\":\"fr-BE\",\"@id\":\"https:\/\/www.comparateur.be\/#\/schema\/logo\/image\/\",\"url\":\"https:\/\/www.comparateur.be\/wordpress\/wp-content\/uploads\/2024\/09\/Algemeen_met-slogan_NL@.png\",\"contentUrl\":\"https:\/\/www.comparateur.be\/wordpress\/wp-content\/uploads\/2024\/09\/Algemeen_met-slogan_NL@.png\",\"width\":2444,\"height\":418,\"caption\":\"Comparateur.be\"},\"image\":{\"@id\":\"https:\/\/www.comparateur.be\/#\/schema\/logo\/image\/\"},\"sameAs\":[\"https:\/\/www.facebook.com\/Mijnvergelijker\/\"]},{\"@type\":\"Person\",\"@id\":\"https:\/\/www.comparateur.be\/#\/schema\/person\/4748d4871bb32b57622db0bfe37abf1b\",\"name\":\"Hanna Deweirdt\",\"image\":{\"@type\":\"ImageObject\",\"inLanguage\":\"fr-BE\",\"@id\":\"https:\/\/www.comparateur.be\/#\/schema\/person\/image\/\",\"url\":\"https:\/\/secure.gravatar.com\/avatar\/2d69cdb3ff68969f1c06f5ee6133ce3d?s=96&d=mm&r=g\",\"contentUrl\":\"https:\/\/secure.gravatar.com\/avatar\/2d69cdb3ff68969f1c06f5ee6133ce3d?s=96&d=mm&r=g\",\"caption\":\"Hanna Deweirdt\"}}]}<\/script>\n<!-- \/ Yoast SEO Premium plugin. -->","yoast_head_json":{"title":"Les \u00e9l\u00e9ments personnels de vos fun\u00e9railles - Comparateur.be","description":"50% des Belges ont d\u00e9j\u00e0 choisi la musique pour leurs fun\u00e9railles. Cependant, seulement 12% ont souscrit une assurance obs\u00e8ques, alors qu\u2019elle vous aide \u00e0 g\u00e9rer les formalit\u00e9s.","robots":{"index":"index","follow":"follow","max-snippet":"max-snippet:-1","max-image-preview":"max-image-preview:large","max-video-preview":"max-video-preview:-1"},"canonical":"https:\/\/www.comparateur.be\/assurances\/blog\/assurance-obseques\/avez-vous-deja-pense-aux-elements-personnels-de-vos-funerailles-une-assurance-obseques-vous-aide-a-gerer-les-formalites","og_locale":"fr_FR","og_type":"article","og_title":"Avez-vous d\u00e9j\u00e0 pens\u00e9 aux \u00e9l\u00e9ments personnels de vos fun\u00e9railles ? Une assurance obs\u00e8ques vous aide \u00e0 g\u00e9rer les formalit\u00e9s !","og_description":"50% des Belges ont d\u00e9j\u00e0 choisi la musique pour leurs fun\u00e9railles. Cependant, seulement 12% ont souscrit une assurance obs\u00e8ques, alors qu\u2019elle vous aide \u00e0 g\u00e9rer les formalit\u00e9s.","og_url":"https:\/\/www.comparateur.be\/assurances\/blog\/assurance-obseques\/avez-vous-deja-pense-aux-elements-personnels-de-vos-funerailles-une-assurance-obseques-vous-aide-a-gerer-les-formalites","og_site_name":"Comparateur.be","article_publisher":"https:\/\/www.facebook.com\/Mijnvergelijker\/","article_published_time":"2024-10-25T06:37:12+00:00","article_modified_time":"2024-11-14T07:39:57+00:00","og_image":[{"width":2121,"height":1414,"url":"https:\/\/www.comparateur.be\/wordpress\/wp-content\/uploads\/2024\/10\/Familieleden-van-overledene-zingen-Afscheid-van-een-vriend-tijdens-begrafenis-in-de-kerk.jpg","type":"image\/jpeg"}],"author":"Hanna Deweirdt","twitter_card":"summary_large_image","twitter_misc":{"\u00c9crit par":"Hanna Deweirdt","Dur\u00e9e de lecture est.":"2 minutes"},"schema":{"@context":"https:\/\/schema.org","@graph":[{"@type":"Article","@id":"https:\/\/www.comparateur.be\/assurances\/blog\/assurance-obseques\/avez-vous-deja-pense-aux-elements-personnels-de-vos-funerailles-une-assurance-obseques-vous-aide-a-gerer-les-formalites#article","isPartOf":{"@id":"https:\/\/www.comparateur.be\/assurances\/blog\/assurance-obseques\/avez-vous-deja-pense-aux-elements-personnels-de-vos-funerailles-une-assurance-obseques-vous-aide-a-gerer-les-formalites"},"author":{"name":"Hanna Deweirdt","@id":"https:\/\/www.comparateur.be\/#\/schema\/person\/4748d4871bb32b57622db0bfe37abf1b"},"headline":"Avez-vous d\u00e9j\u00e0 pens\u00e9 aux \u00e9l\u00e9ments personnels de vos fun\u00e9railles ? Une assurance obs\u00e8ques vous aide \u00e0 g\u00e9rer les formalit\u00e9s !","datePublished":"2024-10-25T06:37:12+00:00","dateModified":"2024-11-14T07:39:57+00:00","mainEntityOfPage":{"@id":"https:\/\/www.comparateur.be\/assurances\/blog\/assurance-obseques\/avez-vous-deja-pense-aux-elements-personnels-de-vos-funerailles-une-assurance-obseques-vous-aide-a-gerer-les-formalites"},"wordCount":494,"commentCount":0,"publisher":{"@id":"https:\/\/www.comparateur.be\/#organization"},"image":{"@id":"https:\/\/www.comparateur.be\/assurances\/blog\/assurance-obseques\/avez-vous-deja-pense-aux-elements-personnels-de-vos-funerailles-une-assurance-obseques-vous-aide-a-gerer-les-formalites#primaryimage"},"thumbnailUrl":"https:\/\/www.comparateur.be\/wordpress\/wp-content\/uploads\/2024\/10\/Familieleden-van-overledene-zingen-Afscheid-van-een-vriend-tijdens-begrafenis-in-de-kerk.jpg","articleSection":["Assurance obs\u00e8ques"],"inLanguage":"fr-BE","potentialAction":[{"@type":"CommentAction","name":"Comment","target":["https:\/\/www.comparateur.be\/assurances\/blog\/assurance-obseques\/avez-vous-deja-pense-aux-elements-personnels-de-vos-funerailles-une-assurance-obseques-vous-aide-a-gerer-les-formalites#respond"]}]},{"@type":"WebPage","@id":"https:\/\/www.comparateur.be\/assurances\/blog\/assurance-obseques\/avez-vous-deja-pense-aux-elements-personnels-de-vos-funerailles-une-assurance-obseques-vous-aide-a-gerer-les-formalites","url":"https:\/\/www.comparateur.be\/assurances\/blog\/assurance-obseques\/avez-vous-deja-pense-aux-elements-personnels-de-vos-funerailles-une-assurance-obseques-vous-aide-a-gerer-les-formalites","name":"Les \u00e9l\u00e9ments personnels de vos fun\u00e9railles - Comparateur.be","isPartOf":{"@id":"https:\/\/www.comparateur.be\/#website"},"primaryImageOfPage":{"@id":"https:\/\/www.comparateur.be\/assurances\/blog\/assurance-obseques\/avez-vous-deja-pense-aux-elements-personnels-de-vos-funerailles-une-assurance-obseques-vous-aide-a-gerer-les-formalites#primaryimage"},"image":{"@id":"https:\/\/www.comparateur.be\/assurances\/blog\/assurance-obseques\/avez-vous-deja-pense-aux-elements-personnels-de-vos-funerailles-une-assurance-obseques-vous-aide-a-gerer-les-formalites#primaryimage"},"thumbnailUrl":"https:\/\/www.comparateur.be\/wordpress\/wp-content\/uploads\/2024\/10\/Familieleden-van-overledene-zingen-Afscheid-van-een-vriend-tijdens-begrafenis-in-de-kerk.jpg","datePublished":"2024-10-25T06:37:12+00:00","dateModified":"2024-11-14T07:39:57+00:00","description":"50% des Belges ont d\u00e9j\u00e0 choisi la musique pour leurs fun\u00e9railles. Cependant, seulement 12% ont souscrit une assurance obs\u00e8ques, alors qu\u2019elle vous aide \u00e0 g\u00e9rer les formalit\u00e9s.","breadcrumb":{"@id":"https:\/\/www.comparateur.be\/assurances\/blog\/assurance-obseques\/avez-vous-deja-pense-aux-elements-personnels-de-vos-funerailles-une-assurance-obseques-vous-aide-a-gerer-les-formalites#breadcrumb"},"inLanguage":"fr-BE","potentialAction":[{"@type":"ReadAction","target":["https:\/\/www.comparateur.be\/assurances\/blog\/assurance-obseques\/avez-vous-deja-pense-aux-elements-personnels-de-vos-funerailles-une-assurance-obseques-vous-aide-a-gerer-les-formalites"]}]},{"@type":"ImageObject","inLanguage":"fr-BE","@id":"https:\/\/www.comparateur.be\/assurances\/blog\/assurance-obseques\/avez-vous-deja-pense-aux-elements-personnels-de-vos-funerailles-une-assurance-obseques-vous-aide-a-gerer-les-formalites#primaryimage","url":"https:\/\/www.comparateur.be\/wordpress\/wp-content\/uploads\/2024\/10\/Familieleden-van-overledene-zingen-Afscheid-van-een-vriend-tijdens-begrafenis-in-de-kerk.jpg","contentUrl":"https:\/\/www.comparateur.be\/wordpress\/wp-content\/uploads\/2024\/10\/Familieleden-van-overledene-zingen-Afscheid-van-een-vriend-tijdens-begrafenis-in-de-kerk.jpg","width":2121,"height":1414,"caption":"Familieleden van overledene zingen Afscheid van een vriend tijdens begrafenis in de kerk"},{"@type":"BreadcrumbList","@id":"https:\/\/www.comparateur.be\/assurances\/blog\/assurance-obseques\/avez-vous-deja-pense-aux-elements-personnels-de-vos-funerailles-une-assurance-obseques-vous-aide-a-gerer-les-formalites#breadcrumb","itemListElement":[{"@type":"ListItem","position":1,"name":"Home","item":"https:\/\/www.comparateur.be\/"},{"@type":"ListItem","position":2,"name":"Avez-vous d\u00e9j\u00e0 pens\u00e9 aux \u00e9l\u00e9ments personnels de vos fun\u00e9railles ? Une assurance obs\u00e8ques vous aide \u00e0 g\u00e9rer les formalit\u00e9s !"}]},{"@type":"WebSite","@id":"https:\/\/www.comparateur.be\/#website","url":"https:\/\/www.comparateur.be\/","name":"MIjnvergelijker.be","description":"","publisher":{"@id":"https:\/\/www.comparateur.be\/#organization"},"potentialAction":[{"@type":"SearchAction","target":{"@type":"EntryPoint","urlTemplate":"https:\/\/www.comparateur.be\/?s={search_term_string}"},"query-input":"required name=search_term_string"}],"inLanguage":"fr-BE"},{"@type":"Organization","@id":"https:\/\/www.comparateur.be\/#organization","name":"Comparateur.be","url":"https:\/\/www.comparateur.be\/","logo":{"@type":"ImageObject","inLanguage":"fr-BE","@id":"https:\/\/www.comparateur.be\/#\/schema\/logo\/image\/","url":"https:\/\/www.comparateur.be\/wordpress\/wp-content\/uploads\/2024\/09\/Algemeen_met-slogan_NL@.png","contentUrl":"https:\/\/www.comparateur.be\/wordpress\/wp-content\/uploads\/2024\/09\/Algemeen_met-slogan_NL@.png","width":2444,"height":418,"caption":"Comparateur.be"},"image":{"@id":"https:\/\/www.comparateur.be\/#\/schema\/logo\/image\/"},"sameAs":["https:\/\/www.facebook.com\/Mijnvergelijker\/"]},{"@type":"Person","@id":"https:\/\/www.comparateur.be\/#\/schema\/person\/4748d4871bb32b57622db0bfe37abf1b","name":"Hanna Deweirdt","image":{"@type":"ImageObject","inLanguage":"fr-BE","@id":"https:\/\/www.comparateur.be\/#\/schema\/person\/image\/","url":"https:\/\/secure.gravatar.com\/avatar\/2d69cdb3ff68969f1c06f5ee6133ce3d?s=96&d=mm&r=g","contentUrl":"https:\/\/secure.gravatar.com\/avatar\/2d69cdb3ff68969f1c06f5ee6133ce3d?s=96&d=mm&r=g","caption":"Hanna Deweirdt"}}]}},"_links":{"self":[{"href":"https:\/\/www.comparateur.be\/wordpress\/wp-json\/wp\/v2\/posts\/10971"}],"collection":[{"href":"https:\/\/www.comparateur.be\/wordpress\/wp-json\/wp\/v2\/posts"}],"about":[{"href":"https:\/\/www.comparateur.be\/wordpress\/wp-json\/wp\/v2\/types\/post"}],"author":[{"embeddable":true,"href":"https:\/\/www.comparateur.be\/wordpress\/wp-json\/wp\/v2\/users\/8"}],"replies":[{"embeddable":true,"href":"https:\/\/www.comparateur.be\/wordpress\/wp-json\/wp\/v2\/comments?post=10971"}],"version-history":[{"count":2,"href":"https:\/\/www.comparateur.be\/wordpress\/wp-json\/wp\/v2\/posts\/10971\/revisions"}],"predecessor-version":[{"id":10973,"href":"https:\/\/www.comparateur.be\/wordpress\/wp-json\/wp\/v2\/posts\/10971\/revisions\/10973"}],"wp:featuredmedia":[{"embeddable":true,"href":"https:\/\/www.comparateur.be\/wordpress\/wp-json\/wp\/v2\/media\/10757"}],"wp:attachment":[{"href":"https:\/\/www.comparateur.be\/wordpress\/wp-json\/wp\/v2\/media?parent=10971"}],"wp:term":[{"taxonomy":"category","embeddable":true,"href":"https:\/\/www.comparateur.be\/wordpress\/wp-json\/wp\/v2\/categories?post=10971"},{"taxonomy":"post_tag","embeddable":true,"href":"https:\/\/www.comparateur.be\/wordpress\/wp-json\/wp\/v2\/tags?post=10971"}],"curies":[{"name":"wp","href":"https:\/\/api.w.org\/{rel}","templated":true}]}}